{"id":9959,"date":"2016-01-31T17:56:01","date_gmt":"2016-01-31T20:56:01","guid":{"rendered":"http:\/\/www.maisbn.com\/portal\/?p=9959"},"modified":"2016-01-31T18:01:03","modified_gmt":"2016-01-31T21:01:03","slug":"programacao-do-carnaval-de-canavieiras-recebe-criticas-da-populacao","status":"publish","type":"post","link":"https:\/\/www.maisbn.com\/portal\/2016\/01\/programacao-do-carnaval-de-canavieiras-recebe-criticas-da-populacao\/","title":{"rendered":"Programa\u00e7\u00e3o do Carnaval de Canavieiras recebe cr\u00edticas da popula\u00e7\u00e3o."},"content":{"rendered":"<p><a href=\"http:\/\/www.maisbn.com\/portal\/wp-content\/uploads\/2016\/01\/carnaval_canavieiras.jpg\"><img loading=\"lazy\" decoding=\"async\" class=\"aligncenter size-full wp-image-9961\" src=\"http:\/\/www.maisbn.com\/portal\/wp-content\/uploads\/2016\/01\/carnaval_canavieiras.jpg\" alt=\"carnaval_canavieiras\" width=\"600\" height=\"450\" \/><\/a><\/p>\n<p><span style=\"color: #000000;\">A Prefeitura Municipal de Canavieiras divulgou as atra\u00e7\u00f5es que ir\u00e3o animar o carnaval 2016 no munic\u00edpio. Este ano a festa \u00e9 intitulada como o Carnaval da Reconstru\u00e7\u00e3o e ir\u00e1 acontecer no per\u00edodo entre os dias 05 e 09 de fevereiro. A folia, como no ano passado, acontecer\u00e1 no S\u00edtio Hist\u00f3rico da cidade e contar\u00e1 com dois palcos: Um que ser\u00e1 usado para atra\u00e7\u00f5es culturais e outro para o Carnaval Convencional.<\/span><\/p>\n<p><span style=\"color: #000000;\">As atra\u00e7\u00f5es do evento ser\u00e3o: Banda BBB, Banda Boyzinho, Banda Imp\u00e9rio da Loira, Banda Risco de Amar, Banda Pegad\u00e3o, Banda Afrodis\u00edaco, T\u00f4a T\u00f4a, Maria Bretheira, Banda Love Beat, Capit\u00e3o Ax\u00e9, Amor a Dois, Banda Realce, Gera Samba, Pra te Querer, Tsunami, Trivelada, Selakuatro e Banda A Rapaziada.<\/span><\/p>\n<p><span style=\"color: #000000;\">A programa\u00e7\u00e3o n\u00e3o foi bem aceita pela popula\u00e7\u00e3o que ataca o Prefeito Almir Melo e acusa o mesmo de estar matando o carnaval da cidade com atra\u00e7\u00f5es fraqu\u00edssimas quando comparada com as programa\u00e7\u00f5es das cidades vizinhas. A popula\u00e7\u00e3o ainda critica o gestor por ter mudado o local da festa que acontecia tradicionalmente na Rua 13 de Maio onde se usava trios el\u00e9tricos para arrastar a multid\u00e3o de pessoas que curtiam o carnaval na cidade. Os moradores dizem que o novo local fica pr\u00f3ximo a uma \u00e1rea violenta denominada Favela do Mosquito e isso, segundo as cr\u00edticas, pode comprometer a seguran\u00e7a do evento. Outro ponto negativo apontado pelos moradores \u00e9 a falta de estacionamento para ve\u00edculos. As pessoas reclamam que, para irem \u00e0 festa, tem que deixar os seus carros em um local distante do evento a merc\u00ea de criminosos que podem ver a dificuldade como excelente oportunidade para cometer delitos contra os ve\u00edculos. Os moradores tamb\u00e9m criticaram a falta de atra\u00e7\u00f5es na Praia da Costa, segundo eles, o fato ir\u00e1 dificultar as vendas dos barraqueiros que esperam o ano todo pela festa.<br \/>\n<\/span><\/p>\n<p><span style=\"color: #000000;\"> Algumas pessoas abordadas por nossa reportagem revelaram que pessoas ligadas ao Prefeito Almir Melo criticavam bastante os carnavais da gest\u00e3o anterior que usava o modelo de dois palcos e nenhum trio. &#8220;Eles falavam que o Prefeito Almir Melo era quem sabia fazer festas e agora eles v\u00eam com uma porcaria dessas.&#8221; &#8211; Comentou um morador.<\/span><\/p>\n<p><span style=\"color: #000000;\">Os Correligion\u00e1rios do atual gestor defendem o modelo da festa e dizem que a Prefeitura de Canavieiras est\u00e1 contendo os gastos por causa da queda brutal de recursos do munic\u00edpio causada pela crise econ\u00f4mica. Os mesmos ainda dizem que as cr\u00edticas est\u00e3o vindo da oposi\u00e7\u00e3o ao atual gestor e atribuem os ataques \u00e0 guerra pol\u00edtica que, mesmo antes das elei\u00e7\u00f5es, j\u00e1 est\u00e1 quente na cidade.<\/span><\/p>\n<p>&nbsp;<\/p>\n","protected":false},"excerpt":{"rendered":"<p>A Prefeitura Municipal de Canavieiras divulgou as atra\u00e7\u00f5es que ir\u00e3o animar o carnaval 2016 no munic\u00edpio. Este ano a festa \u00e9 intitulada como o Carnaval da Reconstru\u00e7\u00e3o e ir\u00e1 acontecer no per\u00edodo entre os dias 05 e 09 de fevereiro. A folia, como no ano passado, acontecer\u00e1 no S\u00edtio Hist\u00f3rico da cidade e contar\u00e1 com [&hellip;]<\/p>\n","protected":false},"author":7,"featured_media":9961,"comment_status":"open","ping_status":"open","sticky":false,"template":"","format":"standard","meta":{"footnotes":""},"categories":[45,1],"tags":[108],"class_list":["post-9959","post","type-post","status-publish","format-standard","has-post-thumbnail","hentry","category-cidades","category-noticias","tag-belmonte"],"_links":{"self":[{"href":"https:\/\/www.maisbn.com\/portal\/wp-json\/wp\/v2\/posts\/9959","targetHints":{"allow":["GET"]}}],"collection":[{"href":"https:\/\/www.maisbn.com\/portal\/wp-json\/wp\/v2\/posts"}],"about":[{"href":"https:\/\/www.maisbn.com\/portal\/wp-json\/wp\/v2\/types\/post"}],"author":[{"embeddable":true,"href":"https:\/\/www.maisbn.com\/portal\/wp-json\/wp\/v2\/users\/7"}],"replies":[{"embeddable":true,"href":"https:\/\/www.maisbn.com\/portal\/wp-json\/wp\/v2\/comments?post=9959"}],"version-history":[{"count":5,"href":"https:\/\/www.maisbn.com\/portal\/wp-json\/wp\/v2\/posts\/9959\/revisions"}],"predecessor-version":[{"id":9965,"href":"https:\/\/www.maisbn.com\/portal\/wp-json\/wp\/v2\/posts\/9959\/revisions\/9965"}],"wp:featuredmedia":[{"embeddable":true,"href":"https:\/\/www.maisbn.com\/portal\/wp-json\/wp\/v2\/media\/9961"}],"wp:attachment":[{"href":"https:\/\/www.maisbn.com\/portal\/wp-json\/wp\/v2\/media?parent=9959"}],"wp:term":[{"taxonomy":"category","embeddable":true,"href":"https:\/\/www.maisbn.com\/portal\/wp-json\/wp\/v2\/categories?post=9959"},{"taxonomy":"post_tag","embeddable":true,"href":"https:\/\/www.maisbn.com\/portal\/wp-json\/wp\/v2\/tags?post=9959"}],"curies":[{"name":"wp","href":"https:\/\/api.w.org\/{rel}","templated":true}]}}