{"id":9921,"date":"2016-01-25T16:36:59","date_gmt":"2016-01-25T19:36:59","guid":{"rendered":"http:\/\/www.maisbn.com\/portal\/?p=9921"},"modified":"2016-01-25T16:43:23","modified_gmt":"2016-01-25T19:43:23","slug":"jiu-jitsu-belmontense-brilha-no-campeonato-sul-americano-de-jiu-jitsu-realizado-em-vitoria-es","status":"publish","type":"post","link":"https:\/\/www.maisbn.com\/portal\/2016\/01\/jiu-jitsu-belmontense-brilha-no-campeonato-sul-americano-de-jiu-jitsu-realizado-em-vitoria-es\/","title":{"rendered":"Jiu Jitsu belmontense brilha no Campeonato Sul Americano de Jiu Jitsu realizado em Vit\u00f3ria &#8211; ES."},"content":{"rendered":"<p><span style=\"color: #000000;\">Os esporte belmontense brilhou mais uma vez neste final de semana. Estamos falando do Campeonato Sul Americano de Jiu-Jitsu Profissional que aconteceu na cidade de Vit\u00f3ria &#8211; ES durante os dias 23 e 24 de janeiro.\u00a0 Todo o Gin\u00e1sio Tancredo de Almeida Neves (Tancred\u00e3o), local do evento, ficou admirado com a performance da delega\u00e7\u00e3o belmontense formada pelos alunos da Associa\u00e7\u00e3o Maselli de Jiu Jitsu que lutaram como guerreiros e conseguiram o resultado impressionante de 05 medalhas de premia\u00e7\u00e3o.<\/span><\/p>\n<p><span style=\"color: #000000;\">O grande destaque da competi\u00e7\u00e3o foi o atleta Tarcisio Gomes que fez grandes lutas e arrancou aplausos de todos. Tarcisio em sua primeira luta na modalidade GI (com kimono) travou tr\u00eas combates, sendo que, no primeiro ele finalizou o advers\u00e1rio com uma chave de bra\u00e7o (arm-lock) em apenas quatro minutos de competi\u00e7\u00e3o. No segundo combate Tarcisio finalizou novamente outro advers\u00e1rio usando a mesma t\u00e9cnica, s\u00f3 que, em um tempo muito menor, apenas 3&#8217;20 minutos. No terceiro combate o atleta ent\u00e3o se superou e conseguiu finalizar outro advers\u00e1rio em apenas 50 segundos de luta.<\/span><\/p>\n<p><a href=\"http:\/\/www.maisbn.com\/portal\/wp-content\/uploads\/2016\/01\/mosaico_jiujitsu.jpg\"><img loading=\"lazy\" decoding=\"async\" class=\"aligncenter size-full wp-image-9922\" src=\"http:\/\/www.maisbn.com\/portal\/wp-content\/uploads\/2016\/01\/mosaico_jiujitsu.jpg\" alt=\"mosaico_jiujitsu\" width=\"700\" height=\"450\" \/><\/a><\/p>\n<p><span style=\"color: #000000;\">Tarcisio ainda lutou na categoria sem Kimono (No Gi)<\/span><span style=\"color: #000000;\"> e foi o primeiro atleta belmontense a vencer esse tipo de competi\u00e7\u00e3o a n\u00edvel mundial atrav\u00e9s da Confedera\u00e7\u00e3o Brasileira de Jiu Jitsu Profissional. Tarcisio nessa categoria conseguiu finalizar o advers\u00e1rio em apenas 2&#8217;20 minutos com uma chave de bra\u00e7o (arm-lock) com um placar de 08 x 00.<\/span><\/p>\n<p><span style=\"color: #000000;\">Outro atleta belmontense que tamb\u00e9m impressionou foi aluno Marcos Mamute que, com 13 anos, lutou com atletas de 15 anos e s\u00f3 n\u00e3o conseguiu a medalha de ouro por causa de detalhes t\u00e9cnicos que lhe custaram na hora da apura\u00e7\u00e3o de pontos. Na competi\u00e7\u00e3o tamb\u00e9m destacamos a performance do iniciantes Jo\u00e3o Paulo, que foi para a competi\u00e7\u00e3o com apenas 02 meses de treinamento, fez uma luta espetacular, mas n\u00e3o subiu no p\u00f3dio perdendo na apura\u00e7\u00e3o por apenas 02 pontos.<\/span><\/p>\n<p><span style=\"color: #000000;\">O professor Romeu Maselli, respons\u00e1vel pela Associa\u00e7\u00e3o Maselli de Jiu Jitsu tamb\u00e9m participou da competi\u00e7\u00e3o na modalidade Faixa Roxa Leve. Romeu empatou na primeira luta, mas se machucou e n\u00e3o conseguiu um saldo de pontos bom nas lutas seguintes ficando em quarto lugar na modalidade.<\/span><\/p>\n<p><span style=\"color: #000000;\">Os atletas foram recebidos na cidade de Belmonte com uma grande festa organizada pelas suas fam\u00edlias e amigos com direito at\u00e9 a queima de fogos. \u00c0 equipe do +BN, o professor Romeu comentou que estava muito feliz com o resultado. Segundo ele, est\u00e1 sendo muito dif\u00edcil manter os trabalhos da associa\u00e7\u00e3o que \u00e9 voltado para jovens carentes do munic\u00edpio. &#8221; N\u00f3s conseguimos esse grande sucesso com muita luta e dedica\u00e7\u00e3o. Com essa competi\u00e7\u00e3o n\u00f3s provamos que temos potencial, precisamos da ajuda de empres\u00e1rios e de pessoas que acreditem e participem desse nosso projeto para que possamos chegar mais longe.&#8221; &#8211; Comentou Romeu.<\/span><\/p>\n<p><span style=\"color: #000000;\">O professor Romeu ainda aproveitou para agradecer a todas as pessoas que o ajudaram e os patrocinadores da delega\u00e7\u00e3o belmontense foram: Supermercado do Papau, JC \u00c1gua, Restaurante Taberna, Barbearia do Gato, Bar Z\u00e9 do caf\u00e9, Posto Rio Mar, A\u00e7ougue do Banderoso, Kau Modas, Prefeitura Municipal de Belmonte atrav\u00e9s da Secretaria Municipal de Esportes, Marem empreendimentos, TG Bicicletaria, Panificadora J. Elias, Supermercado e pousada Ramos, Distribuidora Belmonte, Bar Mercad\u00e3o, Fernando Aguiar, Alexandre Magnavita.<\/span><\/p>\n<p><span style=\"color: #000000;\">A Associa\u00e7\u00e3o Maselli de Jiu Jitsu agora se prepara para um pr\u00f3ximo evento em Belmonte. Estamos falando da 1\u00aa Troca de Faixas promovida pela mesma que acontecer\u00e1 no pr\u00f3ximo dia 30 \u00e0s 16:00Hrs, na Pra\u00e7a 13 de Maio. A Troca de Faixas ter\u00e1 a supervis\u00e3o da Academia Cemilton Reis de Jiu Jitsu &amp; MMA, j\u00e1 que, a Associa\u00e7\u00e3o Maselli de Jiu Jitsu \u00e9 afiliada da entidade.<\/span><\/p>\n<p>&nbsp;<\/p>\n","protected":false},"excerpt":{"rendered":"<p>Os esporte belmontense brilhou mais uma vez neste final de semana. Estamos falando do Campeonato Sul Americano de Jiu-Jitsu Profissional que aconteceu na cidade de Vit\u00f3ria &#8211; ES durante os dias 23 e 24 de janeiro.\u00a0 Todo o Gin\u00e1sio Tancredo de Almeida Neves (Tancred\u00e3o), local do evento, ficou admirado com a performance da delega\u00e7\u00e3o belmontense [&hellip;]<\/p>\n","protected":false},"author":7,"featured_media":9922,"comment_status":"open","ping_status":"open","sticky":false,"template":"","format":"standard","meta":{"footnotes":""},"categories":[10,1],"tags":[108],"class_list":["post-9921","post","type-post","status-publish","format-standard","has-post-thumbnail","hentry","category-esporte","category-noticias","tag-belmonte"],"_links":{"self":[{"href":"https:\/\/www.maisbn.com\/portal\/wp-json\/wp\/v2\/posts\/9921","targetHints":{"allow":["GET"]}}],"collection":[{"href":"https:\/\/www.maisbn.com\/portal\/wp-json\/wp\/v2\/posts"}],"about":[{"href":"https:\/\/www.maisbn.com\/portal\/wp-json\/wp\/v2\/types\/post"}],"author":[{"embeddable":true,"href":"https:\/\/www.maisbn.com\/portal\/wp-json\/wp\/v2\/users\/7"}],"replies":[{"embeddable":true,"href":"https:\/\/www.maisbn.com\/portal\/wp-json\/wp\/v2\/comments?post=9921"}],"version-history":[{"count":4,"href":"https:\/\/www.maisbn.com\/portal\/wp-json\/wp\/v2\/posts\/9921\/revisions"}],"predecessor-version":[{"id":9924,"href":"https:\/\/www.maisbn.com\/portal\/wp-json\/wp\/v2\/posts\/9921\/revisions\/9924"}],"wp:featuredmedia":[{"embeddable":true,"href":"https:\/\/www.maisbn.com\/portal\/wp-json\/wp\/v2\/media\/9922"}],"wp:attachment":[{"href":"https:\/\/www.maisbn.com\/portal\/wp-json\/wp\/v2\/media?parent=9921"}],"wp:term":[{"taxonomy":"category","embeddable":true,"href":"https:\/\/www.maisbn.com\/portal\/wp-json\/wp\/v2\/categories?post=9921"},{"taxonomy":"post_tag","embeddable":true,"href":"https:\/\/www.maisbn.com\/portal\/wp-json\/wp\/v2\/tags?post=9921"}],"curies":[{"name":"wp","href":"https:\/\/api.w.org\/{rel}","templated":true}]}}