{"id":9866,"date":"2016-01-16T10:08:01","date_gmt":"2016-01-16T13:08:01","guid":{"rendered":"http:\/\/www.maisbn.com\/portal\/?p=9866"},"modified":"2016-01-16T10:08:01","modified_gmt":"2016-01-16T13:08:01","slug":"diretores-eleitos-e-reeleitos-da-rede-municipal-participam-de-cerimonia-de-posse","status":"publish","type":"post","link":"https:\/\/www.maisbn.com\/portal\/2016\/01\/diretores-eleitos-e-reeleitos-da-rede-municipal-participam-de-cerimonia-de-posse\/","title":{"rendered":"Diretores eleitos e reeleitos da rede municipal participam de cerim\u00f4nia de posse."},"content":{"rendered":"<p><a href=\"http:\/\/www.maisbn.com\/portal\/wp-content\/uploads\/2016\/01\/possedosdiretores00003.jpg\"><img loading=\"lazy\" decoding=\"async\" class=\"aligncenter size-full wp-image-9867\" src=\"http:\/\/www.maisbn.com\/portal\/wp-content\/uploads\/2016\/01\/possedosdiretores00003.jpg\" alt=\"possedosdiretores00003\" width=\"650\" height=\"412\" \/><\/a><\/p>\n<p><span style=\"color: #000000;\">Aconteceu nesta quinta-feira (14\/01) um grande evento na Secretaria Municipal de Educa\u00e7\u00e3o. Estamos falando da posse dos diretores dos col\u00e9gios municipais eleitos em outubro do ano passado por alunos, professores e pais.<\/span><\/p>\n<p><span style=\"color: #000000;\">A cerim\u00f4nia aconteceu na C\u00e2mara de Vereadores de Belmonte e contou com a presen\u00e7a da Prefeita Alice Britto, do Sr. Claudio Theodoro, Secret\u00e1rio de Educa\u00e7\u00e3o e de v\u00e1rios funcion\u00e1rios da rede p\u00fablica de educa\u00e7\u00e3o do munic\u00edpio.<\/span><\/p>\n<p><span style=\"color: #000000;\">Os novos diretores eleitos e reeleitos se mostraram alegres pela conquista e prometeram se doar o m\u00e1ximo para a que a educa\u00e7\u00e3o belmontense colhesse \u00f3timos resultados neste ano que est\u00e1 come\u00e7ando.<\/span><\/p>\n<p><a href=\"http:\/\/www.maisbn.com\/portal\/wp-content\/uploads\/2016\/01\/possedosdiretores00020.jpg\"><img loading=\"lazy\" decoding=\"async\" class=\"aligncenter size-full wp-image-9868\" src=\"http:\/\/www.maisbn.com\/portal\/wp-content\/uploads\/2016\/01\/possedosdiretores00020.jpg\" alt=\"possedosdiretores00020\" width=\"650\" height=\"412\" \/><\/a><\/p>\n<p><span style=\"color: #000000;\">A Prefeita Alice Britto comentou com nossa equipe que a sua maior preocupa\u00e7\u00e3o \u00e9 a educa\u00e7\u00e3o e que vem lutando muito para manter as institui\u00e7\u00f5es de ensino, mesmo com a redu\u00e7\u00e3o de verbas do munic\u00edpio. &#8220;N\u00f3s passamos um ano dif\u00edcil em 2015 com os atrasos e redu\u00e7\u00f5es das verbas da educa\u00e7\u00e3o. Eu tenho conversado com todos sobre esse grande problema. Estou mantendo o di\u00e1logo com os professores e participando a eles tudo o que est\u00e1 acontecendo. Agora temos uma nova equipe de diretores eleitos e reeleitos e espero neles um parceiro para essa grande luta pela melhoria de qualidade de nossa educa\u00e7\u00e3o.&#8221; &#8211; Comentou A Prefeita Alice.<\/span><\/p>\n<p><span style=\"color: #000000;\">Os diretores que tomaram posse foram:<\/span><\/p>\n<p><span style=\"color: #000000;\">Silmaria oliveira dos santos &#8211; COL\u00c9GIO S\u00c3O FRANCISCO<\/span><\/p>\n<p><span style=\"color: #000000;\">Andr\u00e9ia Carla Silva Borges &#8211; FUNDA\u00c7\u00c3O EDUCACIONAL PEDRO CALMON<\/span><br \/>\n<span style=\"color: #000000;\">Vice Laura e Ot\u00edlia<\/span><\/p>\n<p><span style=\"color: #000000;\">Rita marla Alc\u00e2ntara Soares de Jesus &#8211; COL\u00c9GIO ACM DE BARROL\u00c2NDIA:<\/span><br \/>\n<span style=\"color: #000000;\">Vice: Derivam santos de Souza, M\u00f4nica Lopes dos santos Gomes, L\u00facia Pereira de oliveira<\/span><\/p>\n<p><span style=\"color: #000000;\">Erineuza Francisco\u00a0 Nascimento &#8211; CLEMENCEU TEIXEIRA DE BARROL\u00c2NDIA\u00a0\u00a0\u00a0\u00a0\u00a0\u00a0\u00a0\u00a0\u00a0\u00a0\u00a0\u00a0\u00a0\u00a0\u00a0\u00a0\u00a0\u00a0\u00a0\u00a0\u00a0\u00a0\u00a0\u00a0 \u00a0\u00a0 Vice: Wildma Silva Altos, Gerusa Santos das Neves <\/span><\/p>\n<p><span style=\"color: #000000;\">Glaucia Maria Suzart &#8211; CRECHE MARIA NILDA GARCEZ DA CRUZ<\/span><br \/>\n<span style=\"color: #000000;\">Rosan Dias de Aguiar- COL\u00c9GIO LOURIVAL JO\u00c3O MAIA SANTANA DE SANTA MARIA ETERNA<\/span><br \/>\n<span style=\"color: #000000;\">\u00a0Vice: Joc\u00e9lia Rodrigues Ferraz.<\/span><\/p>\n<p><span style=\"color: #000000;\">M\u00e1rcia Lima da Hora &#8211; COL\u00c9GIO MARIA VIT\u00d3RIA PATERNOSTRO DE SANTA MARIA ETERNA Vice: Jos\u00e9 Roberto de Jesus Figueredo<\/span><\/p>\n<p><span style=\"color: #000000;\">Neyla Rodrigues Santos &#8211; N\u00daCLEO RURAL II<\/span><\/p>\n<p><span style=\"color: #000000;\">Cristian Dantas Sena &#8211; COL\u00c9GIO EDGARD SANTOS \u00a0 \u00a0 \u00a0 \u00a0 \u00a0 \u00a0 \u00a0 \u00a0 \u00a0 \u00a0 \u00a0 \u00a0 \u00a0 \u00a0 \u00a0 \u00a0 \u00a0 \u00a0 \u00a0 \u00a0 \u00a0 \u00a0 \u00a0\u00a0 \u00a0 \u00a0 \u00a0 \u00a0 \u00a0 \u00a0 \u00a0 \u00a0 \u00a0 \u00a0 \u00a0 \u00a0 \u00a0 \u00a0 \u00a0\u00a0 Vice: Simone Borges Cruz \u00a0\u00a0\u00a0\u00a0\u00a0\u00a0\u00a0\u00a0\u00a0\u00a0\u00a0\u00a0\u00a0\u00a0\u00a0\u00a0\u00a0\u00a0\u00a0\u00a0\u00a0\u00a0\u00a0\u00a0\u00a0\u00a0\u00a0\u00a0\u00a0\u00a0\u00a0\u00a0\u00a0\u00a0\u00a0\u00a0\u00a0\u00a0\u00a0\u00a0\u00a0\u00a0\u00a0\u00a0\u00a0\u00a0\u00a0\u00a0\u00a0\u00a0\u00a0\u00a0\u00a0\u00a0\u00a0\u00a0\u00a0\u00a0\u00a0\u00a0\u00a0\u00a0\u00a0\u00a0\u00a0\u00a0\u00a0\u00a0\u00a0\u00a0\u00a0 <\/span><\/p>\n<p><span style=\"color: #000000;\">Z\u00e9lia L\u00facia Pio Barros &#8211; COL\u00c9GIO L\u00cdCIA MARIA PATERNOSTRO\u00a0\u00a0\u00a0\u00a0\u00a0\u00a0\u00a0\u00a0\u00a0\u00a0\u00a0\u00a0\u00a0\u00a0\u00a0\u00a0\u00a0\u00a0\u00a0\u00a0\u00a0\u00a0\u00a0\u00a0\u00a0\u00a0\u00a0\u00a0\u00a0\u00a0\u00a0\u00a0\u00a0\u00a0\u00a0\u00a0\u00a0\u00a0\u00a0\u00a0\u00a0\u00a0\u00a0\u00a0\u00a0\u00a0\u00a0\u00a0\u00a0\u00a0\u00a0\u00a0\u00a0\u00a0 Vice: B\u00e1rbara Concei\u00e7\u00e3o Diniz Pinho Borges, Ana Paula Concei\u00e7\u00e3o Barbosa<\/span><\/p>\n<p><span style=\"color: #000000;\">Glauber Fa\u00e7anha Cerqueira &#8211; COL\u00c9GIO L\u00daCIO COELHO<\/span><\/p>\n<p><span style=\"color: #000000;\">Elis Carmen Alves de Campos &#8211; COL\u00c9GIO GLAUCIA MARIA PATERNOSTRO<\/span><\/p>\n<p><span style=\"color: #000000;\">Rita Efig\u00eania da Silva &#8211; COL\u00c9GIO ANTONIA PORTO<\/span><\/p>\n<p><span style=\"color: #000000;\">Maria Jos\u00e9 Cezar Marinho &#8211; COL\u00c9GIO TEIXEIRA DE FREITAS<\/span><\/p>\n<p><span style=\"color: #000000;\">Marilza de Araujo Silva &#8211; CRECHE M\u00c3E CELESTE<\/span><\/p>\n<p><span style=\"color: #000000;\">Marinei Alves de Oliveira &#8211; N\u00daCLEO RURAL I<\/span><\/p>\n<p>&nbsp;<\/p>\n<p>&nbsp;<\/p>\n","protected":false},"excerpt":{"rendered":"<p>Aconteceu nesta quinta-feira (14\/01) um grande evento na Secretaria Municipal de Educa\u00e7\u00e3o. Estamos falando da posse dos diretores dos col\u00e9gios municipais eleitos em outubro do ano passado por alunos, professores e pais. A cerim\u00f4nia aconteceu na C\u00e2mara de Vereadores de Belmonte e contou com a presen\u00e7a da Prefeita Alice Britto, do Sr. Claudio Theodoro, Secret\u00e1rio [&hellip;]<\/p>\n","protected":false},"author":7,"featured_media":9867,"comment_status":"open","ping_status":"open","sticky":false,"template":"","format":"standard","meta":{"footnotes":""},"categories":[8,1],"tags":[108],"class_list":["post-9866","post","type-post","status-publish","format-standard","has-post-thumbnail","hentry","category-educacao","category-noticias","tag-belmonte"],"_links":{"self":[{"href":"https:\/\/www.maisbn.com\/portal\/wp-json\/wp\/v2\/posts\/9866","targetHints":{"allow":["GET"]}}],"collection":[{"href":"https:\/\/www.maisbn.com\/portal\/wp-json\/wp\/v2\/posts"}],"about":[{"href":"https:\/\/www.maisbn.com\/portal\/wp-json\/wp\/v2\/types\/post"}],"author":[{"embeddable":true,"href":"https:\/\/www.maisbn.com\/portal\/wp-json\/wp\/v2\/users\/7"}],"replies":[{"embeddable":true,"href":"https:\/\/www.maisbn.com\/portal\/wp-json\/wp\/v2\/comments?post=9866"}],"version-history":[{"count":2,"href":"https:\/\/www.maisbn.com\/portal\/wp-json\/wp\/v2\/posts\/9866\/revisions"}],"predecessor-version":[{"id":9870,"href":"https:\/\/www.maisbn.com\/portal\/wp-json\/wp\/v2\/posts\/9866\/revisions\/9870"}],"wp:featuredmedia":[{"embeddable":true,"href":"https:\/\/www.maisbn.com\/portal\/wp-json\/wp\/v2\/media\/9867"}],"wp:attachment":[{"href":"https:\/\/www.maisbn.com\/portal\/wp-json\/wp\/v2\/media?parent=9866"}],"wp:term":[{"taxonomy":"category","embeddable":true,"href":"https:\/\/www.maisbn.com\/portal\/wp-json\/wp\/v2\/categories?post=9866"},{"taxonomy":"post_tag","embeddable":true,"href":"https:\/\/www.maisbn.com\/portal\/wp-json\/wp\/v2\/tags?post=9866"}],"curies":[{"name":"wp","href":"https:\/\/api.w.org\/{rel}","templated":true}]}}