{"id":9820,"date":"2016-01-10T08:29:35","date_gmt":"2016-01-10T11:29:35","guid":{"rendered":"http:\/\/www.maisbn.com\/portal\/?p=9820"},"modified":"2016-01-10T08:34:41","modified_gmt":"2016-01-10T11:34:41","slug":"agentes-de-combate-as-endemias-e-sua-coordenacao-desmentem-denuncias-veiculadas-na-internet","status":"publish","type":"post","link":"https:\/\/www.maisbn.com\/portal\/2016\/01\/agentes-de-combate-as-endemias-e-sua-coordenacao-desmentem-denuncias-veiculadas-na-internet\/","title":{"rendered":"Agentes e Secretaria de Sa\u00fade desmentem den\u00fancias veiculadas na internet."},"content":{"rendered":"<p><span style=\"color: #000000;\">Foi soltada nas redes sociais neste s\u00e1bado (09\/01) uma den\u00fancia que preocupou os belmontenses. Estamos falando do suposto abandono sofrido pelos Agentes de Combate \u00e0s Endemias,\u00a0 do abandono sofrido pelo Programa de Controle \u00e0 Esquistossomose e do Programa Municipal de Combate \u00e0 Dengue. De posse das informa\u00e7\u00f5es, nossa equipe procurou alguns Agentes de Endemias que negaram a den\u00fancia. N\u00f3s tamb\u00e9m procuramos a Coordena\u00e7\u00e3o dos Programas de Endemias, Tuberculose e Hansen\u00edase que nos enviou a seguinte Nota de Esclarecimento reproduzida na \u00edntegra:<br \/>\n<\/span><\/p>\n<p style=\"text-align: center;\"><a href=\"http:\/\/www.maisbn.com\/portal\/wp-content\/uploads\/2016\/01\/banner-zika.jpg\"><img loading=\"lazy\" decoding=\"async\" class=\"aligncenter size-full wp-image-9821\" src=\"http:\/\/www.maisbn.com\/portal\/wp-content\/uploads\/2016\/01\/banner-zika.jpg\" alt=\"banner-zika\" width=\"375\" height=\"255\" \/><\/a><\/p>\n<p style=\"text-align: center;\"><span style=\"color: #000000;\"><strong>NOTA DE ESCLARECIMENTO<\/strong><\/span><\/p>\n<p><span style=\"color: #000000;\">A Secretaria Municipal de Sa\u00fade, atrav\u00e9s da Superintend\u00eancia de Vigil\u00e2ncia Epidemiol\u00f3gica \u2013 Coordena\u00e7\u00e3o dos Programas de Endemias vem a p\u00fablico prestar os devidos esclarecimentos pertinentes aos textos veiculados em redes sociais no dia 09\/01\/2016.<\/span><\/p>\n<p><span style=\"color: #000000;\">O munic\u00edpio de Belmonte conta com 26 Agentes de Combate \u00e0s Endemias, distribu\u00eddos em dois programas: o PMCD \u2013 Programa Municipal de Controle da Dengue \u2013 e o PCE \u2013 Programa de Controle da Esquistossomose. Os programas de endemias abrangem todo o territ\u00f3rio municipal tendo o m\u00ednimo de 01 Agente em cada Unidade de Sa\u00fade. No ano de 2015, 18 Agentes de Combates a Endemias estavam \u00e0 disposi\u00e7\u00e3o do Programa Municipal de Combate \u00e0 Dengue, devido aos grandes \u00edndices de infesta\u00e7\u00e3o predial e as estrat\u00e9gias de bloqueio evitando uma epidemia de dengue no munic\u00edpio; 05 Agentes estavam lotados no Laborat\u00f3rio Pr\u00e1tico e apenas 03 diretamente lotados na equipe volante do Programa de Controle da Esquistossomose, sendo 01 supervisor e 02 visitadores.<\/span><\/p>\n<p><span style=\"color: #000000;\">Sabendo que o combate ao Aedes Aegypti \u00e9 de extrema import\u00e2ncia, para evitar o aparecimento de casos de Dengue, Chikungunya e o Virus da ZIKA, que pode causar a microcefalia e a S\u00edndrome Guillain Barre, a Coordena\u00e7\u00e3o de Endemias pleiteou junto ao Estado, atrav\u00e9s do Plano de Conting\u00eancia para o Enfrentamento da Dengue e Chikungunya, o valor de R$ 10.000,00 (dez mil reais), que, ap\u00f3s avalia\u00e7\u00e3o do projeto, teve esse valor liberado para ser aplicado no Programa Municipal de Combate \u00e0 Dengue para a aquisi\u00e7\u00e3o de materiais pertinentes ao controle ou elimina\u00e7\u00e3o do Aedes Aegypti, especificamente as bolsas de lona, pipetas, lanternas, picadeiras e demais materiais que comp\u00f5em o material de trabalho do agente de campo para a elimina\u00e7\u00e3o do Aedes na forma larv\u00e1ria, al\u00e9m da aquisi\u00e7\u00e3o de uma bomba nebulizadora espacial para as a\u00e7\u00f5es de bloqueio do mosquito na forma adulta, tudo isso previsto no projeto.<\/span><\/p>\n<p><span style=\"color: #000000;\">O Programa de Controle da Esquistossomose, por sua vez, \u00e9 um programa custeado pelo munic\u00edpio n\u00e3o tendo aportes Federais ou Estaduais. As a\u00e7\u00f5es priorit\u00e1rias do Programa de Controle da Esquistossomose s\u00e3o voltadas a Aten\u00e7\u00e3o B\u00e1sica e a Assist\u00eancia Farmac\u00eautica onde em nenhum momento houve interrup\u00e7\u00e3o dos processos de trabalho sendo diagnosticados e tratados 23 pacientes\/m\u00eas em m\u00e9dia e 150 comprimidos\/m\u00eas de Praziquantel, medicamento especifico para o tratamento de esquistossomose distribu\u00eddo pela Farm\u00e1cia B\u00e1sica. As a\u00e7\u00f5es dos Agentes de Endemias foram suspensas pelo quantitativo de agentes para realiza\u00e7\u00e3o do trabalho, demiss\u00f5es por redu\u00e7\u00e3o de recursos, f\u00e9rias e realoca\u00e7\u00e3o de agentes por motivos de sa\u00fade, sendo o principal motivo \u00e0 redu\u00e7\u00e3o dos recursos pr\u00f3prios do munic\u00edpio, e os repasses federais e estaduais.<\/span><\/p>\n<p><span style=\"color: #000000;\">Al\u00e9m disso, foi realizado o remanejamento de 02 Agentes de Campo do Programa de Controle da Esquistossomose para o Programa de Combate \u00e0 Dengue na realiza\u00e7\u00e3o de Bloqueios nos casos positivos de Dengue para a elimina\u00e7\u00e3o de Aedes na forma alada durante 6 meses, de Maio\/2015 a Outubro\/2015.<\/span><\/p>\n<p><span style=\"color: #000000;\">\u00c9 do conhecimento de todos os Agentes de\u00a0 Combate \u00e0s Endemias lotados no Programa de Controle da Esquistossomose que o programa retomar\u00e1 as atividades na pr\u00f3xima segunda-feira, 11 de janeiro, contando com os materiais b\u00e1sicos para a realiza\u00e7\u00e3o do inqu\u00e9rito coprosc\u00f3pico como: coletores, materiais de limpeza e higieniza\u00e7\u00e3o, tendo a disposi\u00e7\u00e3o 07 Agentes de Combate \u00e0 Endemias para a retomada dos trabalhos &#8211; essa data foi firmada em reuni\u00e3o no dia 05 de janeiro do ano corrente.<\/span><\/p>\n<p><span style=\"color: #000000;\">A informa\u00e7\u00e3o veiculada pelas m\u00eddias sociais n\u00e3o corresponde ao posicionamento institucional e n\u00e3o se aproxima dos ideais e responsabilidades da Coordena\u00e7\u00e3o dos Programas de Endemias, tampouco da Secretaria de Sa\u00fade. Ao contr\u00e1rio, os Agentes de Combate \u00e0s Endemias, estes s\u00e3o realmente guerreiros que t\u00eam desenvolvido indispens\u00e1veis trabalhos no combate e elimina\u00e7\u00e3o do Aedes Aegypti, esquistossomose e outros vetores, al\u00e9m da orienta\u00e7\u00e3o e promo\u00e7\u00e3o de a\u00e7\u00f5es voltadas \u00e0 educa\u00e7\u00e3o em sa\u00fade, destacando campanhas de conscientiza\u00e7\u00e3o, palestras e a coopera\u00e7\u00e3o das Secretarias de Infraestrutura e Administra\u00e7\u00e3o. A manifesta\u00e7\u00e3o desse an\u00f4nimo pode ser tida como express\u00e3o de sua opini\u00e3o e<strong> sem qualquer rela\u00e7\u00e3o com a Institui\u00e7\u00e3o ou os demais Agentes de Combate \u00e0s Endemias<\/strong>, que s\u00f3 vem colaborando para a melhoria do processo de trabalho.<\/span><br \/>\n<span style=\"color: #000000;\">Belmonte, 09 de janeiro de 2016<\/span>.<\/p>\n<p>Equipe T\u00e9cnica dos Programas de Endemias.<br \/>\nCoordena\u00e7\u00e3o dos Programas de Endemias, Tuberculose e Hansen\u00edase.<br \/>\nSuperintend\u00eancia de Vigil\u00e2ncia Epidemiol\u00f3gica.<br \/>\nSecretaria Municipal de Sa\u00fade de Belmonte.<\/p>\n","protected":false},"excerpt":{"rendered":"<p>Foi soltada nas redes sociais neste s\u00e1bado (09\/01) uma den\u00fancia que preocupou os belmontenses. Estamos falando do suposto abandono sofrido pelos Agentes de Combate \u00e0s Endemias,\u00a0 do abandono sofrido pelo Programa de Controle \u00e0 Esquistossomose e do Programa Municipal de Combate \u00e0 Dengue. De posse das informa\u00e7\u00f5es, nossa equipe procurou alguns Agentes de Endemias que [&hellip;]<\/p>\n","protected":false},"author":7,"featured_media":9821,"comment_status":"open","ping_status":"open","sticky":false,"template":"","format":"standard","meta":{"footnotes":""},"categories":[1,28],"tags":[108],"class_list":["post-9820","post","type-post","status-publish","format-standard","has-post-thumbnail","hentry","category-noticias","category-saude-noticias","tag-belmonte"],"_links":{"self":[{"href":"https:\/\/www.maisbn.com\/portal\/wp-json\/wp\/v2\/posts\/9820","targetHints":{"allow":["GET"]}}],"collection":[{"href":"https:\/\/www.maisbn.com\/portal\/wp-json\/wp\/v2\/posts"}],"about":[{"href":"https:\/\/www.maisbn.com\/portal\/wp-json\/wp\/v2\/types\/post"}],"author":[{"embeddable":true,"href":"https:\/\/www.maisbn.com\/portal\/wp-json\/wp\/v2\/users\/7"}],"replies":[{"embeddable":true,"href":"https:\/\/www.maisbn.com\/portal\/wp-json\/wp\/v2\/comments?post=9820"}],"version-history":[{"count":3,"href":"https:\/\/www.maisbn.com\/portal\/wp-json\/wp\/v2\/posts\/9820\/revisions"}],"predecessor-version":[{"id":9824,"href":"https:\/\/www.maisbn.com\/portal\/wp-json\/wp\/v2\/posts\/9820\/revisions\/9824"}],"wp:featuredmedia":[{"embeddable":true,"href":"https:\/\/www.maisbn.com\/portal\/wp-json\/wp\/v2\/media\/9821"}],"wp:attachment":[{"href":"https:\/\/www.maisbn.com\/portal\/wp-json\/wp\/v2\/media?parent=9820"}],"wp:term":[{"taxonomy":"category","embeddable":true,"href":"https:\/\/www.maisbn.com\/portal\/wp-json\/wp\/v2\/categories?post=9820"},{"taxonomy":"post_tag","embeddable":true,"href":"https:\/\/www.maisbn.com\/portal\/wp-json\/wp\/v2\/tags?post=9820"}],"curies":[{"name":"wp","href":"https:\/\/api.w.org\/{rel}","templated":true}]}}