{"id":9806,"date":"2016-01-07T17:03:44","date_gmt":"2016-01-07T20:03:44","guid":{"rendered":"http:\/\/www.maisbn.com\/portal\/?p=9806"},"modified":"2016-01-07T17:05:39","modified_gmt":"2016-01-07T20:05:39","slug":"gerente-dos-correios-e-assassinado-em-assalto-e-suspeito-e-morto-pela-pm","status":"publish","type":"post","link":"https:\/\/www.maisbn.com\/portal\/2016\/01\/gerente-dos-correios-e-assassinado-em-assalto-e-suspeito-e-morto-pela-pm\/","title":{"rendered":"Gerente dos Correios \u00e9 assassinado em assalto e suspeito \u00e9 morto pela PM."},"content":{"rendered":"<p><a href=\"http:\/\/www.maisbn.com\/portal\/wp-content\/uploads\/2016\/01\/gerente_correios.jpg\"><img loading=\"lazy\" decoding=\"async\" class=\"aligncenter size-full wp-image-9807\" src=\"http:\/\/www.maisbn.com\/portal\/wp-content\/uploads\/2016\/01\/gerente_correios.jpg\" alt=\"gerente_correios\" width=\"530\" height=\"353\" \/><\/a><\/p>\n<p><span style=\"color: #000000;\">O gerente da ag\u00eancia dos Correios na cidade de Itagimirim, na regi\u00e3o sul da Bahia, foi morto a tiros durante uma tentativa de assalto na manh\u00e3 desta quinta-feira (7). Um dos suspeitos de participar do crime tamb\u00e9m morreu no confronto com a Pol\u00edcia Militar durante a fuga.<\/span><\/p>\n<p><span style=\"color: #000000;\">De acordo com informa\u00e7\u00f5es da delegada Val\u00e9ria Fonseca Chaves, titular da 23\u00aa Coordenadoria de Pol\u00edcia Civil do Interior (Coorpin\/Eun\u00e1polis), dois assaltantes, um deles um adolescente de 16 anos, chegaram \u00e0 ag\u00eancia por volta das 9h, segundos ap\u00f3s a abertura do estabelecimento, e anunciaram o assalto.<\/span><\/p>\n<p><span style=\"color: #000000;\">A unidade dos Correios fica localizada na Avenida 13 de Maio, no centro da cidade. Ap\u00f3s entrarem no estabelecimento armados, os criminosos exigiram que o gerente Edinandes Marques Lima, de 38 anos, abrisse o cofre, mas, como n\u00e3o tiveram o pedido atendido, atiraram quatro vezes contra a v\u00edtima, que morreu no local.<\/span><\/p>\n<p><span style=\"color: #000000;\">&#8220;Eles pediram para ele abrir o cofre, mas o gerente explicou que n\u00e3o poderia, porque o cofre s\u00f3 abre em hor\u00e1rios espec\u00edficos, como ocorre em todas as unidades dos Correios. Os assaltantes acreditaram, no entanto, que o gerente n\u00e3o queria abrir e atiraram&#8221;, disse a delegada, em contato com o <strong>G1<\/strong>.<\/span><\/p>\n<p><span style=\"color: #000000;\">Ap\u00f3s os disparos, os suspeitos fugiram sem levar nada, mas come\u00e7aram a ser perseguidos por policiais militares. O adolescente foi apreendido minutos depois. J\u00e1 o comparsa, de prenome Marcos, foi morto. &#8220;Ele trocou tiros com a pol\u00edcia na sa\u00edda da cidade e, durante o confronto, acabou sendo atingido e vindo a \u00f3bito. N\u00e3o estava com documentos, mas acreditamos que seja maior de idade&#8221;, destacou a delegada.<\/span><\/p>\n<p><span style=\"color: #000000;\">O adolescente foi encaminhado para a delegacia de Itagimirim e, conforme a delegada Val\u00e9ria, dever\u00e1 ser apresentado ao Minist\u00e9rio P\u00fablico ainda nesta quinta-feira. O <strong>G1 <\/strong>entrou em contato com os Correios e aguarda posicionamento sobre a morte do gerente.<\/span><\/p>\n","protected":false},"excerpt":{"rendered":"<p>O gerente da ag\u00eancia dos Correios na cidade de Itagimirim, na regi\u00e3o sul da Bahia, foi morto a tiros durante uma tentativa de assalto na manh\u00e3 desta quinta-feira (7). Um dos suspeitos de participar do crime tamb\u00e9m morreu no confronto com a Pol\u00edcia Militar durante a fuga. De acordo com informa\u00e7\u00f5es da delegada Val\u00e9ria Fonseca [&hellip;]<\/p>\n","protected":false},"author":7,"featured_media":9807,"comment_status":"open","ping_status":"open","sticky":false,"template":"","format":"standard","meta":{"footnotes":""},"categories":[1],"tags":[642],"class_list":["post-9806","post","type-post","status-publish","format-standard","has-post-thumbnail","hentry","category-noticias","tag-itagimirim"],"_links":{"self":[{"href":"https:\/\/www.maisbn.com\/portal\/wp-json\/wp\/v2\/posts\/9806","targetHints":{"allow":["GET"]}}],"collection":[{"href":"https:\/\/www.maisbn.com\/portal\/wp-json\/wp\/v2\/posts"}],"about":[{"href":"https:\/\/www.maisbn.com\/portal\/wp-json\/wp\/v2\/types\/post"}],"author":[{"embeddable":true,"href":"https:\/\/www.maisbn.com\/portal\/wp-json\/wp\/v2\/users\/7"}],"replies":[{"embeddable":true,"href":"https:\/\/www.maisbn.com\/portal\/wp-json\/wp\/v2\/comments?post=9806"}],"version-history":[{"count":2,"href":"https:\/\/www.maisbn.com\/portal\/wp-json\/wp\/v2\/posts\/9806\/revisions"}],"predecessor-version":[{"id":9809,"href":"https:\/\/www.maisbn.com\/portal\/wp-json\/wp\/v2\/posts\/9806\/revisions\/9809"}],"wp:featuredmedia":[{"embeddable":true,"href":"https:\/\/www.maisbn.com\/portal\/wp-json\/wp\/v2\/media\/9807"}],"wp:attachment":[{"href":"https:\/\/www.maisbn.com\/portal\/wp-json\/wp\/v2\/media?parent=9806"}],"wp:term":[{"taxonomy":"category","embeddable":true,"href":"https:\/\/www.maisbn.com\/portal\/wp-json\/wp\/v2\/categories?post=9806"},{"taxonomy":"post_tag","embeddable":true,"href":"https:\/\/www.maisbn.com\/portal\/wp-json\/wp\/v2\/tags?post=9806"}],"curies":[{"name":"wp","href":"https:\/\/api.w.org\/{rel}","templated":true}]}}