{"id":9777,"date":"2016-01-05T20:46:51","date_gmt":"2016-01-05T23:46:51","guid":{"rendered":"http:\/\/www.maisbn.com\/portal\/?p=9777"},"modified":"2016-01-05T20:47:16","modified_gmt":"2016-01-05T23:47:16","slug":"plano-de-resgate-elimina-risco-de-derramamento-de-oleo-no-mar","status":"publish","type":"post","link":"https:\/\/www.maisbn.com\/portal\/2016\/01\/plano-de-resgate-elimina-risco-de-derramamento-de-oleo-no-mar\/","title":{"rendered":"Plano de resgate elimina risco de derramamento de \u00f3leo no mar de Belmonte.."},"content":{"rendered":"<div class=\"td-post-text-content\">\n<p><a href=\"http:\/\/www.maisbn.com\/portal\/wp-content\/uploads\/2016\/01\/Inspe\u00e7\u00e3o-dos-t\u00e9cnicos-do-Ibama-Constata\u00e7\u00e3o-da-aus\u00eancia-de-derramamento-de-\u00f3leo-700x525.jpg\"><img loading=\"lazy\" decoding=\"async\" class=\"aligncenter wp-image-9778\" src=\"http:\/\/www.maisbn.com\/portal\/wp-content\/uploads\/2016\/01\/Inspe\u00e7\u00e3o-dos-t\u00e9cnicos-do-Ibama-Constata\u00e7\u00e3o-da-aus\u00eancia-de-derramamento-de-\u00f3leo-700x525.jpg\" alt=\"Inspe\u00e7\u00e3o-dos-t\u00e9cnicos-do-Ibama-Constata\u00e7\u00e3o-da-aus\u00eancia-de-derramamento-de-\u00f3leo--700x525\" width=\"658\" height=\"493\" \/><\/a><\/p>\n<p><span style=\"color: #000000;\">Sem ocorr\u00eancia de dano ambiental, foi finalizada semana passada a etapa de remo\u00e7\u00e3o de 100% do \u00f3leo combust\u00edvel presente nos tanques da draga Primavera II, de propriedade da empresa B&amp;G Engenharia. A coleta do combust\u00edvel faz parte do plano de resgate da embarca\u00e7\u00e3o naufragada nas proximidades do Terminal Mar\u00edtimo de Belmonte (TMB), durante atividade de dragagem para a Veracel Celulose. O Plano foi aprovado pela Capitania dos Portos e as atividades foram acompanhadas e notificadas aos \u00f3rg\u00e3os ambientais afins.<\/span><\/p>\n<p><span style=\"color: #000000;\">Durante todo o per\u00edodo entre o naufr\u00e1gio e a coleta do \u00f3leo da draga, foram mantidas duas embarca\u00e7\u00f5es para monitorar a efic\u00e1cia das barreiras de conten\u00e7\u00e3o de \u00f3leo armadas em torno da draga, tamb\u00e9m barreiras e mantas de absor\u00e7\u00e3o, para prevenir poss\u00edveis vazamentos de \u00f3leo para o meio ambiente. Para assegurar esta condi\u00e7\u00e3o, foram coletadas amostras da \u00e1gua do mar das imedia\u00e7\u00f5es da embarca\u00e7\u00e3o \u00e9 enviadas para laborat\u00f3rio externo com a finalidade de verificar a presen\u00e7a de \u00f3leo no mar durante os procedimentos de desemborcamento da draga e na opera\u00e7\u00e3o de coleta do combust\u00edvel, atividades com maior risco de vazamento de \u00f3leo.<\/span><\/p>\n<p><span style=\"color: #000000;\">Em fun\u00e7\u00e3o de condi\u00e7\u00f5es de clima e cumprimento do rito de aprova\u00e7\u00f5es do plano de resgate, o desemborcamento foi feito no dia 20\/12.<\/span><\/p>\n<p><span style=\"color: #000000;\">A opera\u00e7\u00e3o de resgate prossegue at\u00e9 a destina\u00e7\u00e3o final doa embarca\u00e7\u00e3o, mas agora sem risco de contamina\u00e7\u00e3o ambiental. As investiga\u00e7\u00f5es de causas do acidente continuam em curso sob a responsabilidade da Delegacia da Capitania dos Portos de Porto Seguro.<\/span><\/p>\n<p><span style=\"color: #000000;\">Em caso de d\u00favida, cr\u00edticas, elogios ou sugest\u00f5es, acesse<\/span> <strong><a href=\"http:\/\/www.veracel.com.br\">www.veracel.com.br<\/a> <span style=\"color: #000000;\">e FALE CONOSCO<\/span><\/strong><span style=\"color: #000000;\">.<\/span><\/p>\n<\/div>\n","protected":false},"excerpt":{"rendered":"<p>Sem ocorr\u00eancia de dano ambiental, foi finalizada semana passada a etapa de remo\u00e7\u00e3o de 100% do \u00f3leo combust\u00edvel presente nos tanques da draga Primavera II, de propriedade da empresa B&amp;G Engenharia. A coleta do combust\u00edvel faz parte do plano de resgate da embarca\u00e7\u00e3o naufragada nas proximidades do Terminal Mar\u00edtimo de Belmonte (TMB), durante atividade de [&hellip;]<\/p>\n","protected":false},"author":7,"featured_media":9778,"comment_status":"open","ping_status":"open","sticky":false,"template":"","format":"standard","meta":{"footnotes":""},"categories":[1],"tags":[108],"class_list":["post-9777","post","type-post","status-publish","format-standard","has-post-thumbnail","hentry","category-noticias","tag-belmonte"],"_links":{"self":[{"href":"https:\/\/www.maisbn.com\/portal\/wp-json\/wp\/v2\/posts\/9777","targetHints":{"allow":["GET"]}}],"collection":[{"href":"https:\/\/www.maisbn.com\/portal\/wp-json\/wp\/v2\/posts"}],"about":[{"href":"https:\/\/www.maisbn.com\/portal\/wp-json\/wp\/v2\/types\/post"}],"author":[{"embeddable":true,"href":"https:\/\/www.maisbn.com\/portal\/wp-json\/wp\/v2\/users\/7"}],"replies":[{"embeddable":true,"href":"https:\/\/www.maisbn.com\/portal\/wp-json\/wp\/v2\/comments?post=9777"}],"version-history":[{"count":2,"href":"https:\/\/www.maisbn.com\/portal\/wp-json\/wp\/v2\/posts\/9777\/revisions"}],"predecessor-version":[{"id":9780,"href":"https:\/\/www.maisbn.com\/portal\/wp-json\/wp\/v2\/posts\/9777\/revisions\/9780"}],"wp:featuredmedia":[{"embeddable":true,"href":"https:\/\/www.maisbn.com\/portal\/wp-json\/wp\/v2\/media\/9778"}],"wp:attachment":[{"href":"https:\/\/www.maisbn.com\/portal\/wp-json\/wp\/v2\/media?parent=9777"}],"wp:term":[{"taxonomy":"category","embeddable":true,"href":"https:\/\/www.maisbn.com\/portal\/wp-json\/wp\/v2\/categories?post=9777"},{"taxonomy":"post_tag","embeddable":true,"href":"https:\/\/www.maisbn.com\/portal\/wp-json\/wp\/v2\/tags?post=9777"}],"curies":[{"name":"wp","href":"https:\/\/api.w.org\/{rel}","templated":true}]}}