{"id":9765,"date":"2016-01-04T10:29:05","date_gmt":"2016-01-04T13:29:05","guid":{"rendered":"http:\/\/www.maisbn.com\/portal\/?p=9765"},"modified":"2016-01-04T10:29:05","modified_gmt":"2016-01-04T13:29:05","slug":"clima-seco-e-ventos-fortes-alastram-focos-de-incendio-por-toda-a-costa-do-descobrimento","status":"publish","type":"post","link":"https:\/\/www.maisbn.com\/portal\/2016\/01\/clima-seco-e-ventos-fortes-alastram-focos-de-incendio-por-toda-a-costa-do-descobrimento\/","title":{"rendered":"Clima seco e ventos fortes alastram focos de inc\u00eandio por toda a Costa do Descobrimento."},"content":{"rendered":"<p><span style=\"color: #000000;\">O grande sol que proporcionou praias cheias durante o feriad\u00e3o do r\u00e9veillon trouxe tamb\u00e9m o flagelo das queimadas para a vegeta\u00e7\u00e3o de toda a Costa do Descobrimento. Diversos focos de inc\u00eandios foram registrados desde a cidade de Belmonte at\u00e9 \u00e0s imedia\u00e7\u00f5es de Eun\u00e1polis.<\/span><\/p>\n<p><a href=\"http:\/\/www.maisbn.com\/portal\/wp-content\/uploads\/2016\/01\/baianao_foto.jpg\"><img loading=\"lazy\" decoding=\"async\" class=\"aligncenter wp-image-9767 size-full\" src=\"http:\/\/www.maisbn.com\/portal\/wp-content\/uploads\/2016\/01\/baianao_foto.jpg\" alt=\"\" width=\"555\" height=\"370\" \/><\/a><\/p>\n<p><span style=\"color: #000000;\">Em Porto Seguro durante todo o per\u00edodo do feriad\u00e3o as principais ocorr\u00eancias foram registradas na mata pr\u00f3ximo ao Outeiro da Gl\u00f3ria e a fuma\u00e7a se espalhou por toda a orla causando reclama\u00e7\u00f5es dos turistas que ficavam presos no engarrafamento respirando toda a fuma\u00e7a. O Corpo de Bombeiros permaneceu durante todo o feriad\u00e3o combatendo os inc\u00eandios que s\u00f3 vieram dar uma tr\u00e9gua ap\u00f3s \u00e0 chuva que caiu no munic\u00edpio na tarde deste domingo (03\/01).<\/span><\/p>\n<div id=\"attachment_9768\" style=\"width: 710px\" class=\"wp-caption aligncenter\"><a href=\"http:\/\/www.maisbn.com\/portal\/wp-content\/uploads\/2016\/01\/queimadas_belmonte.jpg\"><img loading=\"lazy\" decoding=\"async\" aria-describedby=\"caption-attachment-9768\" class=\"wp-image-9768 size-full\" src=\"http:\/\/www.maisbn.com\/portal\/wp-content\/uploads\/2016\/01\/queimadas_belmonte.jpg\" alt=\"queimadas_belmonte\" width=\"700\" height=\"420\" \/><\/a><p id=\"caption-attachment-9768\" class=\"wp-caption-text\">Queimadas na estrada que d\u00e1 acesso \u00e0 Praia do Mar Moreno.<\/p><\/div>\n<p><span style=\"color: #000000;\">Em Belmonte tamb\u00e9m n\u00e3o foi diferente e muitos focos de inc\u00eandios foram registrados desde antes do feriad\u00e3o. Quem passa pela BA-001 nota os estragos causados pelos inc\u00eandios na vegeta\u00e7\u00e3o e toda a cidade est\u00e1 reclamando da fuma\u00e7a. Neste domingo (03\/01) internautas flagraram focos de inc\u00eandio na estrada que d\u00e1 acesso \u00e0 Praia do Mar Moreno onde o fogo chegou a amea\u00e7ar edifica\u00e7\u00f5es pr\u00f3ximas.<\/span><\/p>\n<p><span style=\"color: #000000;\">A causas apontadas para os inc\u00eandios s\u00e3o o tempo seco, os ventos fortes e a falta de cuidado das pessoas que provocam fogo para limpar seus terrenos sem tomar a medidas corretas contra o avan\u00e7o do fogo.<\/span><\/p>\n<p>&nbsp;<\/p>\n","protected":false},"excerpt":{"rendered":"<p>O grande sol que proporcionou praias cheias durante o feriad\u00e3o do r\u00e9veillon trouxe tamb\u00e9m o flagelo das queimadas para a vegeta\u00e7\u00e3o de toda a Costa do Descobrimento. Diversos focos de inc\u00eandios foram registrados desde a cidade de Belmonte at\u00e9 \u00e0s imedia\u00e7\u00f5es de Eun\u00e1polis. Em Porto Seguro durante todo o per\u00edodo do feriad\u00e3o as principais ocorr\u00eancias [&hellip;]<\/p>\n","protected":false},"author":7,"featured_media":9768,"comment_status":"open","ping_status":"open","sticky":false,"template":"","format":"standard","meta":{"footnotes":""},"categories":[33,1],"tags":[108],"class_list":["post-9765","post","type-post","status-publish","format-standard","has-post-thumbnail","hentry","category-meio-ambiente","category-noticias","tag-belmonte"],"_links":{"self":[{"href":"https:\/\/www.maisbn.com\/portal\/wp-json\/wp\/v2\/posts\/9765","targetHints":{"allow":["GET"]}}],"collection":[{"href":"https:\/\/www.maisbn.com\/portal\/wp-json\/wp\/v2\/posts"}],"about":[{"href":"https:\/\/www.maisbn.com\/portal\/wp-json\/wp\/v2\/types\/post"}],"author":[{"embeddable":true,"href":"https:\/\/www.maisbn.com\/portal\/wp-json\/wp\/v2\/users\/7"}],"replies":[{"embeddable":true,"href":"https:\/\/www.maisbn.com\/portal\/wp-json\/wp\/v2\/comments?post=9765"}],"version-history":[{"count":1,"href":"https:\/\/www.maisbn.com\/portal\/wp-json\/wp\/v2\/posts\/9765\/revisions"}],"predecessor-version":[{"id":9769,"href":"https:\/\/www.maisbn.com\/portal\/wp-json\/wp\/v2\/posts\/9765\/revisions\/9769"}],"wp:featuredmedia":[{"embeddable":true,"href":"https:\/\/www.maisbn.com\/portal\/wp-json\/wp\/v2\/media\/9768"}],"wp:attachment":[{"href":"https:\/\/www.maisbn.com\/portal\/wp-json\/wp\/v2\/media?parent=9765"}],"wp:term":[{"taxonomy":"category","embeddable":true,"href":"https:\/\/www.maisbn.com\/portal\/wp-json\/wp\/v2\/categories?post=9765"},{"taxonomy":"post_tag","embeddable":true,"href":"https:\/\/www.maisbn.com\/portal\/wp-json\/wp\/v2\/tags?post=9765"}],"curies":[{"name":"wp","href":"https:\/\/api.w.org\/{rel}","templated":true}]}}