{"id":9739,"date":"2015-12-31T11:18:27","date_gmt":"2015-12-31T14:18:27","guid":{"rendered":"http:\/\/www.maisbn.com\/portal\/?p=9739"},"modified":"2015-12-31T11:18:27","modified_gmt":"2015-12-31T14:18:27","slug":"prefeituras-na-berlinda-apos-aumento-do-salario","status":"publish","type":"post","link":"https:\/\/www.maisbn.com\/portal\/2015\/12\/prefeituras-na-berlinda-apos-aumento-do-salario\/","title":{"rendered":"Prefeituras na berlinda, ap\u00f3s aumento do sal\u00e1rio."},"content":{"rendered":"<p><a href=\"http:\/\/www.maisbn.com\/portal\/wp-content\/uploads\/2015\/12\/UPB-QUITERIA.jpg\"><img loading=\"lazy\" decoding=\"async\" class=\"aligncenter size-full wp-image-9740\" src=\"http:\/\/www.maisbn.com\/portal\/wp-content\/uploads\/2015\/12\/UPB-QUITERIA.jpg\" alt=\"UPB-QUITERIA\" width=\"700\" height=\"463\" \/><\/a><\/p>\n<p>O cen\u00e1rio nos munic\u00edpios, que j\u00e1 \u00e9 de baixa arrecada\u00e7\u00e3o e demiss\u00f5es pode se agravar ainda mais com o aumento do sal\u00e1rio m\u00ednimo, caso a expectativa de receita n\u00e3o siga lado a lado com o reajuste. Esta \u00e9 avalia\u00e7\u00e3o da presidente da Uni\u00e3o dos Munic\u00edpios da Bahia (UPB), Maria Quit\u00e9ria. Para ela, a repercuss\u00e3o da alta no sal\u00e1rio m\u00ednimo nos cofres municipais \u201cn\u00e3o vai ser positiva\u201d. Tamb\u00e9m prefeita de Cardeal da Silva, a presidente da UPB projeta um cen\u00e1rio sombrio para o ano que vem. \u201cA gente j\u00e1 est\u00e1 numa situa\u00e7\u00e3o dif\u00edcil. A tend\u00eancia \u00e9 reduzir um pouco mais o quadro de funcion\u00e1rios. A situa\u00e7\u00e3o \u00e9 preocupante. N\u00e3o sei como a gente vai arcar com esses aumentos que s\u00e3o lei\u201d, afirmou em entrevista nesta ter\u00e7a ao Bahia Not\u00edcias. Ainda segundo ela, com a crise na arrecada\u00e7\u00e3o, o ano de 2016 \u201cn\u00e3o vai ter contrata\u00e7\u00e3o\u201d.<\/p>\n","protected":false},"excerpt":{"rendered":"<p>O cen\u00e1rio nos munic\u00edpios, que j\u00e1 \u00e9 de baixa arrecada\u00e7\u00e3o e demiss\u00f5es pode se agravar ainda mais com o aumento do sal\u00e1rio m\u00ednimo, caso a expectativa de receita n\u00e3o siga lado a lado com o reajuste. Esta \u00e9 avalia\u00e7\u00e3o da presidente da Uni\u00e3o dos Munic\u00edpios da Bahia (UPB), Maria Quit\u00e9ria. Para ela, a repercuss\u00e3o da [&hellip;]<\/p>\n","protected":false},"author":7,"featured_media":9740,"comment_status":"open","ping_status":"open","sticky":false,"template":"","format":"standard","meta":{"footnotes":""},"categories":[1,7],"tags":[108],"class_list":["post-9739","post","type-post","status-publish","format-standard","has-post-thumbnail","hentry","category-noticias","category-politica","tag-belmonte"],"_links":{"self":[{"href":"https:\/\/www.maisbn.com\/portal\/wp-json\/wp\/v2\/posts\/9739","targetHints":{"allow":["GET"]}}],"collection":[{"href":"https:\/\/www.maisbn.com\/portal\/wp-json\/wp\/v2\/posts"}],"about":[{"href":"https:\/\/www.maisbn.com\/portal\/wp-json\/wp\/v2\/types\/post"}],"author":[{"embeddable":true,"href":"https:\/\/www.maisbn.com\/portal\/wp-json\/wp\/v2\/users\/7"}],"replies":[{"embeddable":true,"href":"https:\/\/www.maisbn.com\/portal\/wp-json\/wp\/v2\/comments?post=9739"}],"version-history":[{"count":1,"href":"https:\/\/www.maisbn.com\/portal\/wp-json\/wp\/v2\/posts\/9739\/revisions"}],"predecessor-version":[{"id":9741,"href":"https:\/\/www.maisbn.com\/portal\/wp-json\/wp\/v2\/posts\/9739\/revisions\/9741"}],"wp:featuredmedia":[{"embeddable":true,"href":"https:\/\/www.maisbn.com\/portal\/wp-json\/wp\/v2\/media\/9740"}],"wp:attachment":[{"href":"https:\/\/www.maisbn.com\/portal\/wp-json\/wp\/v2\/media?parent=9739"}],"wp:term":[{"taxonomy":"category","embeddable":true,"href":"https:\/\/www.maisbn.com\/portal\/wp-json\/wp\/v2\/categories?post=9739"},{"taxonomy":"post_tag","embeddable":true,"href":"https:\/\/www.maisbn.com\/portal\/wp-json\/wp\/v2\/tags?post=9739"}],"curies":[{"name":"wp","href":"https:\/\/api.w.org\/{rel}","templated":true}]}}