{"id":9726,"date":"2015-12-29T11:18:15","date_gmt":"2015-12-29T14:18:15","guid":{"rendered":"http:\/\/www.maisbn.com\/portal\/?p=9726"},"modified":"2015-12-29T11:18:15","modified_gmt":"2015-12-29T14:18:15","slug":"internauta-do-bn-reclama-da-fumaca-que-assola-a-cidade-e-cobra-das-autoridades-providencias","status":"publish","type":"post","link":"https:\/\/www.maisbn.com\/portal\/2015\/12\/internauta-do-bn-reclama-da-fumaca-que-assola-a-cidade-e-cobra-das-autoridades-providencias\/","title":{"rendered":"Internauta do +BN reclama da fuma\u00e7a que assola a cidade e cobra das autoridades provid\u00eancias."},"content":{"rendered":"<div id=\"attachment_9728\" style=\"width: 710px\" class=\"wp-caption aligncenter\"><a href=\"http:\/\/www.maisbn.com\/portal\/wp-content\/uploads\/2015\/12\/mosaico_fumaca.jpg\"><img loading=\"lazy\" decoding=\"async\" aria-describedby=\"caption-attachment-9728\" class=\"wp-image-9728 size-full\" src=\"http:\/\/www.maisbn.com\/portal\/wp-content\/uploads\/2015\/12\/mosaico_fumaca.jpg\" alt=\"mosaico_fumaca\" width=\"700\" height=\"450\" \/><\/a><p id=\"caption-attachment-9728\" class=\"wp-caption-text\">Fotos Enviadas pelo Internauta Via WhatsApp<\/p><\/div>\n<p><span style=\"color: #000000;\">Na noite desta segunda-feira (28\/12) um internauta entrou em contato com nossa reda\u00e7\u00e3o e pediu um espa\u00e7o para reclamar da grande fuma\u00e7a que atinge o nosso munic\u00edpio. Ele comentou que deu uma volta pela cidade, tirou algumas fotos e mandou um texto para a nossa reda\u00e7\u00e3o que est\u00e1 reproduzido logo embaixo na \u00edntegra:<\/span><\/p>\n<p><em>Manh\u00e3 cinzenta<\/em><\/p>\n<p><em>Por Sebasti\u00e3o Mello Neto<\/em><\/p>\n<p><em>Hoje n\u00e3o \u00e9 quarta-feira de cinzas, mas o dia amanheceu bem acinzentado. Mais uma vez, acordei bem cedo, incomodado com o cheiro desagrad\u00e1vel da fuma\u00e7a que inundou minha casa. Peguei a bicicleta e resolvi dar um giro pela cidade para saber de onde vinha o inc\u00f4modo fumaceiro. Rodei pelos quatro cantos de nossa bela cidade e fiquei espantado ao constatar que toda ela encontrava-se abafada e ofuscada pela asfixiante e f\u00fanebre fuma\u00e7a. <\/em><br \/>\n<em>F\u00fanebre, porque \u00e9 um dos produtos do assassinato de plantas, insetos, animais e microorganismos que comp\u00f5em o ecossistema local. Infelizmente, algumas pessoas continuam praticando esse crime ambiental, por acreditarem ser uma maneira eficiente de limpar seu terreno e renovar ou criar nova \u00e1rea para pastagem de animais. Entretanto est\u00e3o muito enganados, pois estudos cient\u00edficos revelam que as queimadas recorrentes levam a um empobrecimento do solo.<\/em><\/p>\n<p><em>Relembro aos nobres conterr\u00e2neos que o ac\u00famulo excessivo de g\u00e1s carb\u00f4nico (presente nesta fuma\u00e7a) na atmosfera \u00e9 uma das causas do aquecimento global, desse calor\u00e3o que estamos sentindo. Al\u00e9m do mais, h\u00e1 pessoas, como \u00e9 o caso de um amigo meu, que t\u00eam alergia a fuma\u00e7a e ficam passando mal, sentindo falta de ar. Mesmo a quem n\u00e3o tem alergia, esta fuma\u00e7a \u00e9 prejudicial \u00e0 sa\u00fade. <\/em><\/p>\n<p><em>Pelos argumentos supracitados, pe\u00e7o que todo(a)s ajudem a evitar esse mal. Gostaria que as autoridades respons\u00e1veis pela preserva\u00e7\u00e3o do meio ambiente adotassem medidas para evitar mais essa agress\u00e3o a nossa m\u00e3e natureza. Al\u00f4, secret\u00e1rio do meio ambiente, d\u00e1 essa for\u00e7a! O Planeta agradece, e meus pulm\u00f5es tamb\u00e9m.<\/em><\/p>\n","protected":false},"excerpt":{"rendered":"<p>Na noite desta segunda-feira (28\/12) um internauta entrou em contato com nossa reda\u00e7\u00e3o e pediu um espa\u00e7o para reclamar da grande fuma\u00e7a que atinge o nosso munic\u00edpio. Ele comentou que deu uma volta pela cidade, tirou algumas fotos e mandou um texto para a nossa reda\u00e7\u00e3o que est\u00e1 reproduzido logo embaixo na \u00edntegra: Manh\u00e3 cinzenta [&hellip;]<\/p>\n","protected":false},"author":7,"featured_media":9728,"comment_status":"open","ping_status":"open","sticky":false,"template":"","format":"standard","meta":{"footnotes":""},"categories":[45,1],"tags":[108],"class_list":["post-9726","post","type-post","status-publish","format-standard","has-post-thumbnail","hentry","category-cidades","category-noticias","tag-belmonte"],"_links":{"self":[{"href":"https:\/\/www.maisbn.com\/portal\/wp-json\/wp\/v2\/posts\/9726","targetHints":{"allow":["GET"]}}],"collection":[{"href":"https:\/\/www.maisbn.com\/portal\/wp-json\/wp\/v2\/posts"}],"about":[{"href":"https:\/\/www.maisbn.com\/portal\/wp-json\/wp\/v2\/types\/post"}],"author":[{"embeddable":true,"href":"https:\/\/www.maisbn.com\/portal\/wp-json\/wp\/v2\/users\/7"}],"replies":[{"embeddable":true,"href":"https:\/\/www.maisbn.com\/portal\/wp-json\/wp\/v2\/comments?post=9726"}],"version-history":[{"count":1,"href":"https:\/\/www.maisbn.com\/portal\/wp-json\/wp\/v2\/posts\/9726\/revisions"}],"predecessor-version":[{"id":9729,"href":"https:\/\/www.maisbn.com\/portal\/wp-json\/wp\/v2\/posts\/9726\/revisions\/9729"}],"wp:featuredmedia":[{"embeddable":true,"href":"https:\/\/www.maisbn.com\/portal\/wp-json\/wp\/v2\/media\/9728"}],"wp:attachment":[{"href":"https:\/\/www.maisbn.com\/portal\/wp-json\/wp\/v2\/media?parent=9726"}],"wp:term":[{"taxonomy":"category","embeddable":true,"href":"https:\/\/www.maisbn.com\/portal\/wp-json\/wp\/v2\/categories?post=9726"},{"taxonomy":"post_tag","embeddable":true,"href":"https:\/\/www.maisbn.com\/portal\/wp-json\/wp\/v2\/tags?post=9726"}],"curies":[{"name":"wp","href":"https:\/\/api.w.org\/{rel}","templated":true}]}}