{"id":9667,"date":"2015-12-21T15:12:23","date_gmt":"2015-12-21T18:12:23","guid":{"rendered":"http:\/\/www.maisbn.com\/portal\/?p=9667"},"modified":"2015-12-21T15:12:23","modified_gmt":"2015-12-21T18:12:23","slug":"estado-confirma-0-de-reajuste-para-os-servidores-em-2016","status":"publish","type":"post","link":"https:\/\/www.maisbn.com\/portal\/2015\/12\/estado-confirma-0-de-reajuste-para-os-servidores-em-2016\/","title":{"rendered":"Estado confirma 0% de reajuste para os servidores em 2016."},"content":{"rendered":"<p><a href=\"http:\/\/www.maisbn.com\/portal\/wp-content\/uploads\/2015\/12\/ruicosta.jpg\"><img loading=\"lazy\" decoding=\"async\" class=\"aligncenter size-full wp-image-9668\" src=\"http:\/\/www.maisbn.com\/portal\/wp-content\/uploads\/2015\/12\/ruicosta.jpg\" alt=\"ruicosta\" width=\"650\" height=\"375\" \/><\/a><\/p>\n<p><span style=\"color: #000000;\">O governador Rui Costa (PT) confirmou n\u00e3o haver previs\u00e3o para a concess\u00e3o de aumento linear para o funcionalismo do estado em 2016. Segundo ele, o motivo \u00e9 a crise econ\u00f4mica. &#8220;Atendi os principais sindicatos em dezembro e a todos fui muito sincero: n\u00e3o tem previs\u00e3o de reajuste no or\u00e7amento (2016)&#8221;, disse ele, durante o &#8220;caf\u00e9 da manh\u00e3&#8221; com jornalistas realizado nesta segunda-feira, 21, no Pal\u00e1cio Rio Branco, em Ondina.<\/span><\/p>\n<p><span style=\"color: #000000;\">&#8220;O reajuste de 2015 custou R$ 500 milh\u00f5es, mesmo pago em duas vezes. Mesmo ruim, mesmo dividido custou R$ 500 milh\u00f5es para o cidad\u00e3o que paga tributo&#8221;, lembrou o petista, calculando que um reajuste linear em 2016, com base na infla\u00e7\u00e3o,\u00a0 &#8220;n\u00e3o custaria menos do que R$ 700 milh\u00f5es&#8221;.<\/span><\/p>\n<p><span style=\"color: #000000;\">Ele explicou que, mesmo sem conceder reajuste, a folha de pagamentos do estado &#8211; que tem cerca de 267 mil servidores entre ativos e inativos &#8211; deve crescer entre 2% a 3%.<\/span><\/p>\n<p><span style=\"color: #000000;\">&#8220;Primeiro porque tem o anu\u00eanio. S\u00f3 com o anu\u00eanio, a cada ano, chova ou fa\u00e7a sol, \u00e9 1% a mais (na folha). Professor, al\u00e9m do anu\u00eanio, tem o quinqu\u00eanio. Por ano, recebe 5% (do sal\u00e1rio) de anu\u00eanio; quando completa cinco anos, recebe mais 5%. Mesmo que n\u00e3o fa\u00e7a nada, recebe 10%. Ou seja, a folha tem um crescimento vegetativo muito grande, com as progress\u00f5es de carreira, etc. Quer dizer, a folha vai crescer uns R$ 300 milh\u00f5es mesmo que n\u00e3o conceda aumento em 2016&#8221;, informou.\u00a0<\/span><\/p>\n<p><span style=\"color: #000000;\">Apesar de tudo, Rui tem esperan\u00e7a que o pr\u00f3ximo ano ser\u00e1 melhor que 2015. Ele confia que o governo federal consiga aprovar a CPMF e outros pontos do ajuste econ\u00f4mico no Congresso Nacional, o que melhoraria o cen\u00e1rio, na vis\u00e3o do governador.<\/span><\/p>\n<p><em>Fonte: Jornal A Tarde<\/em><\/p>\n","protected":false},"excerpt":{"rendered":"<p>O governador Rui Costa (PT) confirmou n\u00e3o haver previs\u00e3o para a concess\u00e3o de aumento linear para o funcionalismo do estado em 2016. Segundo ele, o motivo \u00e9 a crise econ\u00f4mica. &#8220;Atendi os principais sindicatos em dezembro e a todos fui muito sincero: n\u00e3o tem previs\u00e3o de reajuste no or\u00e7amento (2016)&#8221;, disse ele, durante o &#8220;caf\u00e9 [&hellip;]<\/p>\n","protected":false},"author":7,"featured_media":9668,"comment_status":"open","ping_status":"open","sticky":false,"template":"","format":"standard","meta":{"footnotes":""},"categories":[1,7],"tags":[108],"class_list":["post-9667","post","type-post","status-publish","format-standard","has-post-thumbnail","hentry","category-noticias","category-politica","tag-belmonte"],"_links":{"self":[{"href":"https:\/\/www.maisbn.com\/portal\/wp-json\/wp\/v2\/posts\/9667","targetHints":{"allow":["GET"]}}],"collection":[{"href":"https:\/\/www.maisbn.com\/portal\/wp-json\/wp\/v2\/posts"}],"about":[{"href":"https:\/\/www.maisbn.com\/portal\/wp-json\/wp\/v2\/types\/post"}],"author":[{"embeddable":true,"href":"https:\/\/www.maisbn.com\/portal\/wp-json\/wp\/v2\/users\/7"}],"replies":[{"embeddable":true,"href":"https:\/\/www.maisbn.com\/portal\/wp-json\/wp\/v2\/comments?post=9667"}],"version-history":[{"count":1,"href":"https:\/\/www.maisbn.com\/portal\/wp-json\/wp\/v2\/posts\/9667\/revisions"}],"predecessor-version":[{"id":9669,"href":"https:\/\/www.maisbn.com\/portal\/wp-json\/wp\/v2\/posts\/9667\/revisions\/9669"}],"wp:featuredmedia":[{"embeddable":true,"href":"https:\/\/www.maisbn.com\/portal\/wp-json\/wp\/v2\/media\/9668"}],"wp:attachment":[{"href":"https:\/\/www.maisbn.com\/portal\/wp-json\/wp\/v2\/media?parent=9667"}],"wp:term":[{"taxonomy":"category","embeddable":true,"href":"https:\/\/www.maisbn.com\/portal\/wp-json\/wp\/v2\/categories?post=9667"},{"taxonomy":"post_tag","embeddable":true,"href":"https:\/\/www.maisbn.com\/portal\/wp-json\/wp\/v2\/tags?post=9667"}],"curies":[{"name":"wp","href":"https:\/\/api.w.org\/{rel}","templated":true}]}}