{"id":9663,"date":"2015-12-21T14:57:17","date_gmt":"2015-12-21T17:57:17","guid":{"rendered":"http:\/\/www.maisbn.com\/portal\/?p=9663"},"modified":"2015-12-21T15:14:55","modified_gmt":"2015-12-21T18:14:55","slug":"operacao-conjunta-das-policias-militar-e-civil-prende-mais-um-arrombador-em-belmonte","status":"publish","type":"post","link":"https:\/\/www.maisbn.com\/portal\/2015\/12\/operacao-conjunta-das-policias-militar-e-civil-prende-mais-um-arrombador-em-belmonte\/","title":{"rendered":"Opera\u00e7\u00e3o conjunta das Pol\u00edcias Militar e Civil prende mais um arrombador em Belmonte."},"content":{"rendered":"<p><a href=\"http:\/\/www.maisbn.com\/portal\/wp-content\/uploads\/2015\/12\/marcosandre.jpg\"><img loading=\"lazy\" decoding=\"async\" class=\"aligncenter size-full wp-image-9664\" src=\"http:\/\/www.maisbn.com\/portal\/wp-content\/uploads\/2015\/12\/marcosandre.jpg\" alt=\"marcosandre\" width=\"599\" height=\"390\" \/><\/a><\/p>\n<p>Uma opera\u00e7\u00e3o conjunta das Pol\u00edcias Militar e Civil de Belmonte prendeu na manh\u00e3 desta segunda-feira (21\/12) o elemento identificado pelo nome de Marcos Andr\u00e9 Nascimento Santana (22 anos), mas conhecido pelo apelido de SIPAM. Marcos foi encontrado em uma casa no S\u00e3o Benedito e n\u00e3o conseguiu fugir, pois foi pego de surpresa pelos policiais escondido em um quarto.<\/p>\n<p>Marcos \u00e9 acusado de envolvimento com o tr\u00e1fico de drogas na cidade e de ter participado do arrombamento de um camarim na sede da Associa\u00e7\u00e3o Zumbi dos Palmares, onde ele e Ismael Souza Santos (preso no \u00faltimo dia 18\/12), roubaram um smartphone, uma c\u00e2mera fotogr\u00e1fica e um \u00f3culos de pertencentes a um integrante da Banda Loira do Poder que estava fazendo um show no local.<\/p>\n<p>Marcos confessou o crime aos policiais e comentou que ele vendeu o smartphone por R$ 50,00 a mando de Ismael. A Policia Civil investiga agora quem comprou o smartphone e o paradeiro da C\u00e2mera e do \u00f3culos. Marcos foi levado para a Delegacia Municipal de Belmonte e est\u00e1 \u00e0 disposi\u00e7\u00e3o das autoridades.<\/p>\n","protected":false},"excerpt":{"rendered":"<p>Uma opera\u00e7\u00e3o conjunta das Pol\u00edcias Militar e Civil de Belmonte prendeu na manh\u00e3 desta segunda-feira (21\/12) o elemento identificado pelo nome de Marcos Andr\u00e9 Nascimento Santana (22 anos), mas conhecido pelo apelido de SIPAM. Marcos foi encontrado em uma casa no S\u00e3o Benedito e n\u00e3o conseguiu fugir, pois foi pego de surpresa pelos policiais escondido [&hellip;]<\/p>\n","protected":false},"author":7,"featured_media":9664,"comment_status":"open","ping_status":"open","sticky":false,"template":"","format":"standard","meta":{"footnotes":""},"categories":[1,16],"tags":[108],"class_list":["post-9663","post","type-post","status-publish","format-standard","has-post-thumbnail","hentry","category-noticias","category-policial","tag-belmonte"],"_links":{"self":[{"href":"https:\/\/www.maisbn.com\/portal\/wp-json\/wp\/v2\/posts\/9663","targetHints":{"allow":["GET"]}}],"collection":[{"href":"https:\/\/www.maisbn.com\/portal\/wp-json\/wp\/v2\/posts"}],"about":[{"href":"https:\/\/www.maisbn.com\/portal\/wp-json\/wp\/v2\/types\/post"}],"author":[{"embeddable":true,"href":"https:\/\/www.maisbn.com\/portal\/wp-json\/wp\/v2\/users\/7"}],"replies":[{"embeddable":true,"href":"https:\/\/www.maisbn.com\/portal\/wp-json\/wp\/v2\/comments?post=9663"}],"version-history":[{"count":3,"href":"https:\/\/www.maisbn.com\/portal\/wp-json\/wp\/v2\/posts\/9663\/revisions"}],"predecessor-version":[{"id":9670,"href":"https:\/\/www.maisbn.com\/portal\/wp-json\/wp\/v2\/posts\/9663\/revisions\/9670"}],"wp:featuredmedia":[{"embeddable":true,"href":"https:\/\/www.maisbn.com\/portal\/wp-json\/wp\/v2\/media\/9664"}],"wp:attachment":[{"href":"https:\/\/www.maisbn.com\/portal\/wp-json\/wp\/v2\/media?parent=9663"}],"wp:term":[{"taxonomy":"category","embeddable":true,"href":"https:\/\/www.maisbn.com\/portal\/wp-json\/wp\/v2\/categories?post=9663"},{"taxonomy":"post_tag","embeddable":true,"href":"https:\/\/www.maisbn.com\/portal\/wp-json\/wp\/v2\/tags?post=9663"}],"curies":[{"name":"wp","href":"https:\/\/api.w.org\/{rel}","templated":true}]}}