{"id":9629,"date":"2015-12-19T07:58:16","date_gmt":"2015-12-19T10:58:16","guid":{"rendered":"http:\/\/www.maisbn.com\/portal\/?p=9629"},"modified":"2015-12-19T07:58:16","modified_gmt":"2015-12-19T10:58:16","slug":"policia-civil-da-bahia-passara-a-bloquear-celulares-roubados","status":"publish","type":"post","link":"https:\/\/www.maisbn.com\/portal\/2015\/12\/policia-civil-da-bahia-passara-a-bloquear-celulares-roubados\/","title":{"rendered":"Pol\u00edcia Civil da Bahia passar\u00e1 a bloquear celulares roubados"},"content":{"rendered":"<p><a href=\"http:\/\/www.maisbn.com\/portal\/wp-content\/uploads\/2015\/12\/celular_bloqueado.jpg\"><img loading=\"lazy\" decoding=\"async\" class=\"aligncenter size-full wp-image-9630\" src=\"http:\/\/www.maisbn.com\/portal\/wp-content\/uploads\/2015\/12\/celular_bloqueado.jpg\" alt=\"celular_bloqueado\" width=\"611\" height=\"458\" \/><\/a><\/p>\n<p><span style=\"color: #000000;\">A partir de agora, quem tiver o celular roubado pode bloquear o aparelho. A informa\u00e7\u00e3o \u00e9 da Pol\u00edcia Civil da Bahia. O \u00f3rg\u00e3o \u00e9 o primeiro a utilizar no pa\u00eds o Cadastro de Esta\u00e7\u00f5es M\u00f3veis Impedidas (CEMI), sistema da Associa\u00e7\u00e3o Brasileira de Recursos em Telecomunica\u00e7\u00f5es (ABR-Telecom) para o bloqueio de aparelhos celulares, em caso de furtos e roubos. Um N\u00facleo de Esta\u00e7\u00f5es M\u00f3veis Impedidas (NEMI) para o bloqueio de celulares come\u00e7ou a funcionar, nesta sexta-feira (18), na sede do Departamento de Crimes Contra o Patrim\u00f4nio (DCCP), na Piedade. O n\u00facleo contar\u00e1 com uma equipe treinada na ABR-Telecom, no Rio de Janeiro, para utilizar o CEMI. <\/span><\/p>\n<p><span style=\"color: #000000;\">Na primeira fase, ser\u00e3o bloqueados apenas aparelhos sem vincula\u00e7\u00e3o com linhas telef\u00f4nicas, que ainda n\u00e3o foram habilitados, oriundos de roubos de cargas ou assaltos em lojas de varejo. As ocorr\u00eancias ser\u00e3o registradas em qualquer delegacia da Bahia e em seguida encaminhadas ao NEMI, que efetuar\u00e1 o bloqueio dos aparelhos. <\/span><\/p>\n<p><span style=\"color: #000000;\">De acordo com o diretor do DCCP, delegado Mois\u00e9s Damasceno, um estudo realizado pela pol\u00edcia, a partir da observa\u00e7\u00e3o dos n\u00fameros de registros de ocorr\u00eancias envolvendo passageiros de \u00f4nibus, clientes em restaurantes e assaltos a grandes varejistas, permitiu perceber que o celular \u00e9 utilizado como principal moeda de troca e motivador da maioria dos crimes patrimoniais. Inicialmente, as operadoras exigiam o n\u00famero de IMEI do aparelho, uma sequ\u00eancia com 15 n\u00fameros, registrada no pr\u00f3prio aparelho ou na embalagem, raramente guardada pela v\u00edtima. \u00a0Al\u00e9m disso, as operadoras de telefonia n\u00e3o aceitavam bloquear aparelhos que n\u00e3o estivessem vinculados a uma linha, como os celulares roubados em lojas e oriundos de roubos de cargas. <\/span><\/p>\n<p><span style=\"color: #000000;\">Um grupo de trabalho, integrado pela Anatel, pol\u00edcias civis de v\u00e1rios estados, operadoras de telefonia, Pol\u00edcia Federal e ABR-Telecom passou a discutir o acesso das pol\u00edcias judici\u00e1rias diretamente ao CEMI, para cadastrar os bloqueios. Al\u00e9m da Bahia, S\u00e3o Paulo, Esp\u00edrito Santo e Mato Grosso tamb\u00e9m devem passar a utilizar CEMI.<\/span><\/p>\n","protected":false},"excerpt":{"rendered":"<p>A partir de agora, quem tiver o celular roubado pode bloquear o aparelho. A informa\u00e7\u00e3o \u00e9 da Pol\u00edcia Civil da Bahia. O \u00f3rg\u00e3o \u00e9 o primeiro a utilizar no pa\u00eds o Cadastro de Esta\u00e7\u00f5es M\u00f3veis Impedidas (CEMI), sistema da Associa\u00e7\u00e3o Brasileira de Recursos em Telecomunica\u00e7\u00f5es (ABR-Telecom) para o bloqueio de aparelhos celulares, em caso de [&hellip;]<\/p>\n","protected":false},"author":7,"featured_media":9630,"comment_status":"open","ping_status":"open","sticky":false,"template":"","format":"standard","meta":{"footnotes":""},"categories":[1,7],"tags":[108],"class_list":["post-9629","post","type-post","status-publish","format-standard","has-post-thumbnail","hentry","category-noticias","category-politica","tag-belmonte"],"_links":{"self":[{"href":"https:\/\/www.maisbn.com\/portal\/wp-json\/wp\/v2\/posts\/9629","targetHints":{"allow":["GET"]}}],"collection":[{"href":"https:\/\/www.maisbn.com\/portal\/wp-json\/wp\/v2\/posts"}],"about":[{"href":"https:\/\/www.maisbn.com\/portal\/wp-json\/wp\/v2\/types\/post"}],"author":[{"embeddable":true,"href":"https:\/\/www.maisbn.com\/portal\/wp-json\/wp\/v2\/users\/7"}],"replies":[{"embeddable":true,"href":"https:\/\/www.maisbn.com\/portal\/wp-json\/wp\/v2\/comments?post=9629"}],"version-history":[{"count":1,"href":"https:\/\/www.maisbn.com\/portal\/wp-json\/wp\/v2\/posts\/9629\/revisions"}],"predecessor-version":[{"id":9631,"href":"https:\/\/www.maisbn.com\/portal\/wp-json\/wp\/v2\/posts\/9629\/revisions\/9631"}],"wp:featuredmedia":[{"embeddable":true,"href":"https:\/\/www.maisbn.com\/portal\/wp-json\/wp\/v2\/media\/9630"}],"wp:attachment":[{"href":"https:\/\/www.maisbn.com\/portal\/wp-json\/wp\/v2\/media?parent=9629"}],"wp:term":[{"taxonomy":"category","embeddable":true,"href":"https:\/\/www.maisbn.com\/portal\/wp-json\/wp\/v2\/categories?post=9629"},{"taxonomy":"post_tag","embeddable":true,"href":"https:\/\/www.maisbn.com\/portal\/wp-json\/wp\/v2\/tags?post=9629"}],"curies":[{"name":"wp","href":"https:\/\/api.w.org\/{rel}","templated":true}]}}