{"id":9607,"date":"2015-12-17T06:43:23","date_gmt":"2015-12-17T09:43:23","guid":{"rendered":"http:\/\/www.maisbn.com\/portal\/?p=9607"},"modified":"2015-12-17T06:43:23","modified_gmt":"2015-12-17T09:43:23","slug":"assembleia-de-deus-e-primeira-igreja-batista-comemoram-o-dia-da-biblia-em-belmonte","status":"publish","type":"post","link":"https:\/\/www.maisbn.com\/portal\/2015\/12\/assembleia-de-deus-e-primeira-igreja-batista-comemoram-o-dia-da-biblia-em-belmonte\/","title":{"rendered":"Assembleia de Deus e Primeira Igreja Batista comemoram o Dia da B\u00edblia em Belmonte."},"content":{"rendered":"<p><a href=\"http:\/\/www.maisbn.com\/portal\/wp-content\/uploads\/2015\/12\/materias00014.jpg\"><img loading=\"lazy\" decoding=\"async\" class=\"aligncenter size-full wp-image-9608\" src=\"http:\/\/www.maisbn.com\/portal\/wp-content\/uploads\/2015\/12\/materias00014.jpg\" alt=\"materias00014\" width=\"650\" height=\"412\" \/><\/a><\/p>\n<p><span style=\"color: #000000;\">No \u00faltimo dia 13\/12 (domingo) evang\u00e9licos belmontenses foram para as ruas com o objetivo de comemorar o Dia da B\u00edblia na cidade. O evento foi promovido pelas Igrejas Assembleia de Deus e Primeira Igreja Batista e consistiu em uma passeata com personagens b\u00edblicos pelas principais ruas da cidade\u00a0 finalizando com um culto a c\u00e9u aberto no Bairro Bom Jardim.<\/span><\/p>\n<p><a href=\"http:\/\/www.maisbn.com\/portal\/wp-content\/uploads\/2015\/12\/materias00009.jpg\"><img loading=\"lazy\" decoding=\"async\" class=\"aligncenter size-full wp-image-9609\" src=\"http:\/\/www.maisbn.com\/portal\/wp-content\/uploads\/2015\/12\/materias00009.jpg\" alt=\"materias00009\" width=\"650\" height=\"412\" \/><\/a><\/p>\n<p><span style=\"color: #000000;\">Um grande n\u00famero de pessoas participou do evento e os evang\u00e9licos que participaram da passeata explicaram para todos os moradores a import\u00e2ncia do Livro Sagrado e a salva\u00e7\u00e3o proposta pelo Senhor Jesus para toda humanidade. A passeata aconteceu durante \u00e0 tarde e foi vista como positiva pelas Igrejas participantes que informaram a realiza\u00e7\u00e3o de outros eventos\u00a0 para leva as palavras de Jesus para todos os belmontenses.<\/span><\/p>\n","protected":false},"excerpt":{"rendered":"<p>No \u00faltimo dia 13\/12 (domingo) evang\u00e9licos belmontenses foram para as ruas com o objetivo de comemorar o Dia da B\u00edblia na cidade. O evento foi promovido pelas Igrejas Assembleia de Deus e Primeira Igreja Batista e consistiu em uma passeata com personagens b\u00edblicos pelas principais ruas da cidade\u00a0 finalizando com um culto a c\u00e9u aberto [&hellip;]<\/p>\n","protected":false},"author":7,"featured_media":9609,"comment_status":"open","ping_status":"open","sticky":false,"template":"","format":"standard","meta":{"footnotes":""},"categories":[1,98],"tags":[108],"class_list":["post-9607","post","type-post","status-publish","format-standard","has-post-thumbnail","hentry","category-noticias","category-religiao","tag-belmonte"],"_links":{"self":[{"href":"https:\/\/www.maisbn.com\/portal\/wp-json\/wp\/v2\/posts\/9607","targetHints":{"allow":["GET"]}}],"collection":[{"href":"https:\/\/www.maisbn.com\/portal\/wp-json\/wp\/v2\/posts"}],"about":[{"href":"https:\/\/www.maisbn.com\/portal\/wp-json\/wp\/v2\/types\/post"}],"author":[{"embeddable":true,"href":"https:\/\/www.maisbn.com\/portal\/wp-json\/wp\/v2\/users\/7"}],"replies":[{"embeddable":true,"href":"https:\/\/www.maisbn.com\/portal\/wp-json\/wp\/v2\/comments?post=9607"}],"version-history":[{"count":1,"href":"https:\/\/www.maisbn.com\/portal\/wp-json\/wp\/v2\/posts\/9607\/revisions"}],"predecessor-version":[{"id":9610,"href":"https:\/\/www.maisbn.com\/portal\/wp-json\/wp\/v2\/posts\/9607\/revisions\/9610"}],"wp:featuredmedia":[{"embeddable":true,"href":"https:\/\/www.maisbn.com\/portal\/wp-json\/wp\/v2\/media\/9609"}],"wp:attachment":[{"href":"https:\/\/www.maisbn.com\/portal\/wp-json\/wp\/v2\/media?parent=9607"}],"wp:term":[{"taxonomy":"category","embeddable":true,"href":"https:\/\/www.maisbn.com\/portal\/wp-json\/wp\/v2\/categories?post=9607"},{"taxonomy":"post_tag","embeddable":true,"href":"https:\/\/www.maisbn.com\/portal\/wp-json\/wp\/v2\/tags?post=9607"}],"curies":[{"name":"wp","href":"https:\/\/api.w.org\/{rel}","templated":true}]}}