{"id":9601,"date":"2015-12-16T18:20:02","date_gmt":"2015-12-16T21:20:02","guid":{"rendered":"http:\/\/www.maisbn.com\/portal\/?p=9601"},"modified":"2015-12-16T18:29:02","modified_gmt":"2015-12-16T21:29:02","slug":"justica-determina-bloqueio-de-whatsapp-por-48h-em-todo-o-brasil","status":"publish","type":"post","link":"https:\/\/www.maisbn.com\/portal\/2015\/12\/justica-determina-bloqueio-de-whatsapp-por-48h-em-todo-o-brasil\/","title":{"rendered":"Justi\u00e7a determina bloqueio de WhatsApp por 48h em todo o Brasil."},"content":{"rendered":"<p><a href=\"http:\/\/www.maisbn.com\/portal\/wp-content\/uploads\/2015\/12\/watsapp.jpg\"><img loading=\"lazy\" decoding=\"async\" class=\"aligncenter size-full wp-image-9602\" src=\"http:\/\/www.maisbn.com\/portal\/wp-content\/uploads\/2015\/12\/watsapp.jpg\" alt=\"watsapp\" width=\"380\" height=\"280\" \/><\/a><\/p>\n<p><span style=\"color: #000000;\">As operadoras de telefonia celular receberam determina\u00e7\u00e3o judicial nesta quarta (16) para bloquear o funcionamento do aplicativo WhatsApp em todo o territ\u00f3rio nacional por 48 horas. As teles, por meio do Sinditelebrasil, afirmam que cumprir\u00e3o a determina\u00e7\u00e3o judicial que passa a valer a partir de 0h desta quinta (17).<\/span><\/p>\n<p><span style=\"color: #000000;\">A medida foi imposta pela 1\u00aa Vara Criminal de S\u00e3o Bernardo do Campo por meio de uma medida cautelar, mas o autor da a\u00e7\u00e3o est\u00e1 mantido sob sigilo. A <b>Folha<\/b> apurou que o pedido n\u00e3o foi feito pelas teles, que h\u00e1 alguns meses travam uma disputa comercial com o WhatsApp.<\/span><\/p>\n<p><span style=\"color: #000000;\">O bloqueio foi solicitado \u00e0s teles dentro de uma investiga\u00e7\u00e3o sobre &#8220;quebra de sigilo de dados&#8221;. Os operadores sup\u00f5em que se trate de uma investiga\u00e7\u00e3o policial.<\/span><\/p>\n<p><span style=\"color: #000000;\"><b>CASO ANTERIOR<\/b><\/span><\/p>\n<p><span style=\"color: #000000;\">Em fevereiro, um caso parecido ocorreu no Piau\u00ed, quando um juiz tamb\u00e9m determinou o bloqueio do WhatsApp no Brasil. O objetivo era for\u00e7ar a empresa dona do aplicativo a colaborar com investiga\u00e7\u00f5es da pol\u00edcia do Estado relacionadas a casos de pedofilia.<\/span><\/p>\n<p><span style=\"color: #000000;\">A decis\u00e3o foi suspensa, por\u00e9m, por um desembargador do Tribunal de Justi\u00e7a do Piau\u00ed ap\u00f3s analisar mandado de seguran\u00e7a impetrado por companhias de telecomunica\u00e7\u00f5es.<\/span><\/p>\n<p><span style=\"color: #000000;\"><b>PIRATARIA<\/b><\/span><\/p>\n<p><span style=\"color: #000000;\">As teles j\u00e1 vinham reclamando ao governo que \u00e9 preciso regulamentar o servi\u00e7o do aplicativo, que faz chamadas de voz via internet. Para elas, esse \u00e9 um servi\u00e7o de telecomunica\u00e7\u00f5es e o WhatsApp, e demais aplicativos do g\u00eanero, n\u00e3o poderiam prestar porque n\u00e3o s\u00e3o operadores. Recentemente, o presidente da Vivo, Amos Genish, disse em um evento que o aplicativo prestava um servi\u00e7o &#8220;pirata&#8221; e defendeu regulamenta\u00e7\u00e3o. &#8220;N\u00e3o tenho nada contra o WhatsApp, que \u00e9 uma ferramenta muito boa, mas precisamos criar regras iguais para o mesmo jogo&#8221;, disse.<\/span><\/p>\n<p><span style=\"color: #000000;\">&#8220;O fato de existir uma operadora sem licen\u00e7a no Brasil \u00e9 um problema&#8221;, afirmou Genish, em refer\u00eancia ao servi\u00e7o de voz do aplicativo. Para o executivo, o WhatsApp estaria funcionando, na pr\u00e1tica, como uma operadora de telefonia.<\/span><\/p>\n<p><em>Informa\u00e7\u00f5es: Folha de S\u00e3o Paulo<\/em><\/p>\n<p><span style=\"color: #000000;\">\u00a0<\/span><\/p>\n","protected":false},"excerpt":{"rendered":"<p>As operadoras de telefonia celular receberam determina\u00e7\u00e3o judicial nesta quarta (16) para bloquear o funcionamento do aplicativo WhatsApp em todo o territ\u00f3rio nacional por 48 horas. As teles, por meio do Sinditelebrasil, afirmam que cumprir\u00e3o a determina\u00e7\u00e3o judicial que passa a valer a partir de 0h desta quinta (17). A medida foi imposta pela 1\u00aa [&hellip;]<\/p>\n","protected":false},"author":7,"featured_media":9602,"comment_status":"open","ping_status":"open","sticky":false,"template":"","format":"standard","meta":{"footnotes":""},"categories":[20,1],"tags":[108],"class_list":["post-9601","post","type-post","status-publish","format-standard","has-post-thumbnail","hentry","category-bahia","category-noticias","tag-belmonte"],"_links":{"self":[{"href":"https:\/\/www.maisbn.com\/portal\/wp-json\/wp\/v2\/posts\/9601","targetHints":{"allow":["GET"]}}],"collection":[{"href":"https:\/\/www.maisbn.com\/portal\/wp-json\/wp\/v2\/posts"}],"about":[{"href":"https:\/\/www.maisbn.com\/portal\/wp-json\/wp\/v2\/types\/post"}],"author":[{"embeddable":true,"href":"https:\/\/www.maisbn.com\/portal\/wp-json\/wp\/v2\/users\/7"}],"replies":[{"embeddable":true,"href":"https:\/\/www.maisbn.com\/portal\/wp-json\/wp\/v2\/comments?post=9601"}],"version-history":[{"count":4,"href":"https:\/\/www.maisbn.com\/portal\/wp-json\/wp\/v2\/posts\/9601\/revisions"}],"predecessor-version":[{"id":9606,"href":"https:\/\/www.maisbn.com\/portal\/wp-json\/wp\/v2\/posts\/9601\/revisions\/9606"}],"wp:featuredmedia":[{"embeddable":true,"href":"https:\/\/www.maisbn.com\/portal\/wp-json\/wp\/v2\/media\/9602"}],"wp:attachment":[{"href":"https:\/\/www.maisbn.com\/portal\/wp-json\/wp\/v2\/media?parent=9601"}],"wp:term":[{"taxonomy":"category","embeddable":true,"href":"https:\/\/www.maisbn.com\/portal\/wp-json\/wp\/v2\/categories?post=9601"},{"taxonomy":"post_tag","embeddable":true,"href":"https:\/\/www.maisbn.com\/portal\/wp-json\/wp\/v2\/tags?post=9601"}],"curies":[{"name":"wp","href":"https:\/\/api.w.org\/{rel}","templated":true}]}}