{"id":9588,"date":"2015-12-15T19:21:56","date_gmt":"2015-12-15T22:21:56","guid":{"rendered":"http:\/\/www.maisbn.com\/portal\/?p=9588"},"modified":"2015-12-15T19:21:56","modified_gmt":"2015-12-15T22:21:56","slug":"governo-diz-que-provavelmente-nao-conseguira-repassar-verba-da-saude-para-os-municipios","status":"publish","type":"post","link":"https:\/\/www.maisbn.com\/portal\/2015\/12\/governo-diz-que-provavelmente-nao-conseguira-repassar-verba-da-saude-para-os-municipios\/","title":{"rendered":"Governo diz que provavelmente n\u00e3o conseguir\u00e1 repassar verba da Sa\u00fade para os munic\u00edpios."},"content":{"rendered":"<p><span style=\"color: #000000;\">A transfer\u00eancia dos recursos federais aos Munic\u00edpios para financiamento da Sa\u00fade de dezembro, possivelmente, n\u00e3o ser\u00e1 feita integralmente. A informa\u00e7\u00e3o \u00e9 do Minist\u00e9rio da Sa\u00fade (MS) e foi levada \u00e0 reuni\u00e3o da Comiss\u00e3o Intergestores Tripartite (CIT). Em resumo, a pasta n\u00e3o conseguir\u00e1 cumprir com mais essa obriga\u00e7\u00e3o, al\u00e9m de j\u00e1 vir atrasando alguns repasses.<\/span><\/p>\n<p><a href=\"http:\/\/www.maisbn.com\/portal\/wp-content\/uploads\/2014\/07\/feiradasaude_00021.jpg\"><img loading=\"lazy\" decoding=\"async\" class=\"aligncenter size-full wp-image-5490\" src=\"http:\/\/www.maisbn.com\/portal\/wp-content\/uploads\/2014\/07\/feiradasaude_00021.jpg\" alt=\"feiradasaude_00021\" width=\"650\" height=\"412\" srcset=\"https:\/\/www.maisbn.com\/portal\/wp-content\/uploads\/2014\/07\/feiradasaude_00021.jpg 650w, https:\/\/www.maisbn.com\/portal\/wp-content\/uploads\/2014\/07\/feiradasaude_00021-552x350.jpg 552w\" sizes=\"auto, (max-width: 650px) 100vw, 650px\" \/><\/a><\/p>\n<p><span style=\"color: #000000;\">No encontro ocorrido em Bras\u00edlia, na segunda semana de dezembro, o secret\u00e1rio executivo do Minist\u00e9rio, Agenor Alvares, disse n\u00e3o haver novidades sobre os repasses de dezembro. &#8220;\u00c9 certo que o repasse do dia 10 n\u00e3o ser\u00e1 feito na data, os respons\u00e1veis est\u00e3o trabalhando para que esse recurso saia neste m\u00eas\u201d, esclareceu o representante do governo. Ele foi sarc\u00e1stico ao dizer: \u201cestamos em uma crise, n\u00e3o podemos fabricar dinheiro, temos que esperar not\u00edcias da Fazenda para afirmar qualquer coisa&#8221;.<\/span><\/p>\n<p><span style=\"color: #000000;\">J\u00e1 o ministro da Sa\u00fade, Marcelo Castro, tem informado que os recursos de M\u00e9dia e Alta Complexidade (MAC) dos meses de dezembro e janeiro ser\u00e3o parcelados. De acordo com a Confedera\u00e7\u00e3o Nacional de Munic\u00edpios (CNM), tal medida tem causado situa\u00e7\u00e3o danosas e estressantes aos gestores, aos profissionais de sa\u00fade e aos usu\u00e1rios.<\/span><\/p>\n<p><span style=\"color: #000000;\">Para a entidade, agora ainda tem mais essa, o governo n\u00e3o consegue garantir os repasses integrais e muito menos o cumprimento das datas estabelecidas. Diante desse cen\u00e1rio, a entidade alerta os Munic\u00edpios para as consequ\u00eancias das a\u00e7\u00f5es do governo e alerta para um per\u00edodo muito dif\u00edcil, de incertezas e de prov\u00e1vel caos.<\/span><\/p>\n","protected":false},"excerpt":{"rendered":"<p>A transfer\u00eancia dos recursos federais aos Munic\u00edpios para financiamento da Sa\u00fade de dezembro, possivelmente, n\u00e3o ser\u00e1 feita integralmente. A informa\u00e7\u00e3o \u00e9 do Minist\u00e9rio da Sa\u00fade (MS) e foi levada \u00e0 reuni\u00e3o da Comiss\u00e3o Intergestores Tripartite (CIT). Em resumo, a pasta n\u00e3o conseguir\u00e1 cumprir com mais essa obriga\u00e7\u00e3o, al\u00e9m de j\u00e1 vir atrasando alguns repasses. No [&hellip;]<\/p>\n","protected":false},"author":7,"featured_media":5490,"comment_status":"open","ping_status":"open","sticky":false,"template":"","format":"standard","meta":{"footnotes":""},"categories":[1,28],"tags":[108],"class_list":["post-9588","post","type-post","status-publish","format-standard","has-post-thumbnail","hentry","category-noticias","category-saude-noticias","tag-belmonte"],"_links":{"self":[{"href":"https:\/\/www.maisbn.com\/portal\/wp-json\/wp\/v2\/posts\/9588","targetHints":{"allow":["GET"]}}],"collection":[{"href":"https:\/\/www.maisbn.com\/portal\/wp-json\/wp\/v2\/posts"}],"about":[{"href":"https:\/\/www.maisbn.com\/portal\/wp-json\/wp\/v2\/types\/post"}],"author":[{"embeddable":true,"href":"https:\/\/www.maisbn.com\/portal\/wp-json\/wp\/v2\/users\/7"}],"replies":[{"embeddable":true,"href":"https:\/\/www.maisbn.com\/portal\/wp-json\/wp\/v2\/comments?post=9588"}],"version-history":[{"count":1,"href":"https:\/\/www.maisbn.com\/portal\/wp-json\/wp\/v2\/posts\/9588\/revisions"}],"predecessor-version":[{"id":9589,"href":"https:\/\/www.maisbn.com\/portal\/wp-json\/wp\/v2\/posts\/9588\/revisions\/9589"}],"wp:featuredmedia":[{"embeddable":true,"href":"https:\/\/www.maisbn.com\/portal\/wp-json\/wp\/v2\/media\/5490"}],"wp:attachment":[{"href":"https:\/\/www.maisbn.com\/portal\/wp-json\/wp\/v2\/media?parent=9588"}],"wp:term":[{"taxonomy":"category","embeddable":true,"href":"https:\/\/www.maisbn.com\/portal\/wp-json\/wp\/v2\/categories?post=9588"},{"taxonomy":"post_tag","embeddable":true,"href":"https:\/\/www.maisbn.com\/portal\/wp-json\/wp\/v2\/tags?post=9588"}],"curies":[{"name":"wp","href":"https:\/\/api.w.org\/{rel}","templated":true}]}}