{"id":9584,"date":"2015-12-15T18:46:31","date_gmt":"2015-12-15T21:46:31","guid":{"rendered":"http:\/\/www.maisbn.com\/portal\/?p=9584"},"modified":"2015-12-15T19:32:22","modified_gmt":"2015-12-15T22:32:22","slug":"governador-rui-costa-e-ministro-da-educacao-inauguram-instalacoes-da-ufsb-em-porto-seguro","status":"publish","type":"post","link":"https:\/\/www.maisbn.com\/portal\/2015\/12\/governador-rui-costa-e-ministro-da-educacao-inauguram-instalacoes-da-ufsb-em-porto-seguro\/","title":{"rendered":"Governador Rui Costa e ministro da Educa\u00e7\u00e3o inauguram instala\u00e7\u00f5es da UFSB em Porto Seguro."},"content":{"rendered":"<p><span style=\"color: #000000;\">As instala\u00e7\u00f5es do campus Sos\u00edgenes Costa, da Universidade Federal do Sul da Bahia (UFSB), em Porto Seguro, foram inauguradas nesta segunda-feira (14), \u00e0s 10h, pelo governador da Bahia, Rui Costa, com a presen\u00e7a do ministro da Educa\u00e7\u00e3o, Aloisio Mercadante, a prefeita de Porto Seguro, Cl\u00e1udia Oliveira, o senador Otto Alencar, o reitor Naomar Almeida Filho, procurador geral do Estado, M\u00e1rcio Fahel, e secret\u00e1rio estadual de Ci\u00eancias, Tecnologias e Inova\u00e7\u00e3o, Manoel Mendon\u00e7a.<\/span><\/p>\n<p><span style=\"color: #000000;\">Na ocasi\u00e3o o governador baiano assinou nova ordem de servi\u00e7os em que autoriza a continua\u00e7\u00e3o das obras de requalifica\u00e7\u00e3o do Centro Cultural e Eventos do Descobrimento (CCED), em contrato de comodato com a Bahiatursa. A UFSB, campus de Porto Seguro, tem hoje 595 estudantes e 168 docentes, 100% com doutorado.<\/span><\/p>\n<div id=\"attachment_9585\" style=\"width: 650px\" class=\"wp-caption aligncenter\"><a style=\"color: #000000;\" href=\"http:\/\/www.maisbn.com\/portal\/wp-content\/uploads\/2015\/12\/campus1.jpg\"><img loading=\"lazy\" decoding=\"async\" aria-describedby=\"caption-attachment-9585\" class=\"size-full wp-image-9585\" src=\"http:\/\/www.maisbn.com\/portal\/wp-content\/uploads\/2015\/12\/campus1.jpg\" alt=\"Foto: Gustavo Moreira\/RADAR 64\" width=\"640\" height=\"360\" \/><\/a><p id=\"caption-attachment-9585\" class=\"wp-caption-text\"><span style=\"color: #000000;\">Foto: Gustavo Moreira\/RADAR 64<\/span><\/p><\/div>\n<p><span style=\"color: #000000;\">Para o governador Rui Costa, trata-se de um momento de comemorar a instala\u00e7\u00e3o de um marco na hist\u00f3ria recente do extremo sul e do sul do Estado. \u201cTemos que comemorar porque a Bahia ficou mais de 200 anos somente com uma universidade federal e hoje, depois do presidente Lula e da presidenta Dilma, a Bahia tem seis universidades federais e esta aqui a Bahia ajudou e contribuiu doando n\u00e3o s\u00f3 uma \u00e1rea de terras bem como uma \u00e1rea edificada onde funcionava o Centro de Conven\u00e7\u00f5es de Porto Seguro\u201d.<\/span><\/p>\n<p><span style=\"color: #000000;\">Entusiasmado, ele tamb\u00e9m destacou que s\u00e3o \u201cbel\u00edssimas instala\u00e7\u00f5es e Porto Seguro vai brilhar ainda mais, al\u00e9m das suas belezas naturais e da energia do seu povo, porque agora se soma um centro de conhecimento e produ\u00e7\u00e3o cient\u00edfica, onde jovens da Bahia e de todo o Brasil v\u00e3o construir seu futuro. \u00c9, portanto um momento de alegria poder participar e ajudar a construir uma marca na hist\u00f3ria do extremo sul e do sul do nosso Estado\u201d.<\/span><\/p>\n<p><span style=\"color: #000000;\">Tamb\u00e9m participaram do evento os deputados Davidson Magalh\u00e3es (federal) e Rob\u00e9rio Oliveira (estadual), prefeitos de Eun\u00e1polis, Neto Guerrieri, Belmonte, Maria Alice, e Santa Cruz Cabr\u00e1lia, Jorge Pontes, da \u00e1rea de influ\u00eancia da Universidade, al\u00e9m do reitor da Universidade Federal do Rec\u00f4ncavo Baiano, S\u00edlvio Soglia, vereadores, professores e servidores da institui\u00e7\u00e3o.<\/span><\/p>\n<p><span style=\"color: #000000;\"><strong>PREFEITOS DA COSTA DO DESCOBRIMENTO COMEMORAM<\/strong><\/span><\/p>\n<p><span style=\"color: #000000;\">A prefeita de Porto Seguro, Cl\u00e1udia Oliveira, e o Prefeito de Eun\u00e1polis, Neto Guerrieri, duas das \u00e1reas de maior influ\u00eancia do Campus Sos\u00edgenes Costa, destacaram a import\u00e2ncia deste equipamento. Cl\u00e1udia Oliveira lembrou que, quando deputada estadual, participou do projeto de implanta\u00e7\u00e3o desta Universidade e hoje recebe com alegria, durante o seu mandato, a concretiza\u00e7\u00e3o do projeto. Ela tamb\u00e9m prestou uma homenagem p\u00f3stuma ao ex-deputado Zez\u00e9u Ribeiro, \u201cum dos percussores do projeto de implanta\u00e7\u00e3o da UFSB\u201d.<\/span><\/p>\n<div id=\"attachment_9586\" style=\"width: 650px\" class=\"wp-caption aligncenter\"><a style=\"color: #000000;\" href=\"http:\/\/www.maisbn.com\/portal\/wp-content\/uploads\/2015\/12\/campus3.jpg\"><img loading=\"lazy\" decoding=\"async\" aria-describedby=\"caption-attachment-9586\" class=\"size-full wp-image-9586\" src=\"http:\/\/www.maisbn.com\/portal\/wp-content\/uploads\/2015\/12\/campus3.jpg\" alt=\"Foto: Gustavo Moreira\/RADAR 64\" width=\"640\" height=\"360\" \/><\/a><p id=\"caption-attachment-9586\" class=\"wp-caption-text\"><span style=\"color: #000000;\">Foto: Gustavo Moreira\/RADAR 64<\/span><\/p><\/div>\n<p><span style=\"color: #000000;\">Cl\u00e1udia disse que \u201ch\u00e1 um ano a universidade foi implantada e hoje vemos este sonho se tornar realidade com o governador Rui Costa assinando o termo de doa\u00e7\u00e3o do Centro de Cultura para a UFSB, um sonho acalentado n\u00e3o s\u00f3 pelos jovens de Porto Seguro, mas por toda a juventude das cidades da Costa do Descobrimento, que abrigar\u00e1 estudantes oriundos de v\u00e1rias partes do Brasil que ir\u00e3o para o mercado de trabalho com v\u00e1rias qualifica\u00e7\u00f5es oferecidas neste espa\u00e7o de conhecimento\u201d. Pontuou.<\/span><\/p>\n<p><span style=\"color: #000000;\">J\u00e1 para o prefeito Neto Guerrieri, de Eun\u00e1polis, cidade onde ser\u00e1 implantado um dos 36 col\u00e9gios universit\u00e1rios da UFSB, trata-se da concretiza\u00e7\u00e3o do projeto de educa\u00e7\u00e3o p\u00fablica de n\u00edvel superior. \u201cEste equipamento abrange toda a regi\u00e3o e faz com que os nossos jovens possam ter educa\u00e7\u00e3o de qualidade e que tamb\u00e9m possam pensar no futuro para as suas vidas. Eun\u00e1polis \u00e9 parceira desse projeto e vamos ter um Col\u00e9gio Universit\u00e1rio avan\u00e7ado para atender aos nossos jovens. Este ato tem um significado enorme para o nosso governo que administra para que a educa\u00e7\u00e3o seja um elo importante de desenvolvimento do munic\u00edpio\u201d. Salientou o prefeito Neto.<\/span><\/p>\n<p><span style=\"color: #000000;\"><strong>MINISTRO DESTACA IMPORTANCIA DA DEMOCRACIA<\/strong><\/span><\/p>\n<p><span style=\"color: #000000;\">Durante a participa\u00e7\u00e3o do Ministro da Educa\u00e7\u00e3o, Aloisio Mercadante, um grupo de estudantes da institui\u00e7\u00e3o fez uma pequena manifesta\u00e7\u00e3o com cartazes pedindo mais verbas para educa\u00e7\u00e3o. O Ministro permitiu o protesto e lembrou que a gera\u00e7\u00e3o dele \u00e9 de um tempo \u201cem que as pessoas n\u00e3o podiam se manifestar no Brasil\u201d.<\/span><\/p>\n<p><span style=\"color: #000000;\">Dirigindo-se aos jovens manifestantes [reivindicando mais verbas para a educa\u00e7\u00e3o] reconheceu que eles t\u00eam esse direito leg\u00edtimo, mas que tamb\u00e9m, \u201cnunca se investiu tanto em educa\u00e7\u00e3o no pa\u00eds como nos governos do ex-presidente Lula e da presidenta Dilma. O Ministro destacou a participa\u00e7\u00e3o efetiva do governo federal na consolida\u00e7\u00e3o da educa\u00e7\u00e3o p\u00fablica de n\u00edvel superior na Bahia que vai permitir que os estudantes de segundo grau tenham acesso direto \u00e0 Universidade. \u201c\u00c9 uma experi\u00eancia bel\u00edssima e inovadora aqui no sul da Bahia\u201d.<\/span><\/p>\n","protected":false},"excerpt":{"rendered":"<p>As instala\u00e7\u00f5es do campus Sos\u00edgenes Costa, da Universidade Federal do Sul da Bahia (UFSB), em Porto Seguro, foram inauguradas nesta segunda-feira (14), \u00e0s 10h, pelo governador da Bahia, Rui Costa, com a presen\u00e7a do ministro da Educa\u00e7\u00e3o, Aloisio Mercadante, a prefeita de Porto Seguro, Cl\u00e1udia Oliveira, o senador Otto Alencar, o reitor Naomar Almeida Filho, [&hellip;]<\/p>\n","protected":false},"author":7,"featured_media":9586,"comment_status":"open","ping_status":"open","sticky":false,"template":"","format":"standard","meta":{"footnotes":""},"categories":[1],"tags":[108],"class_list":["post-9584","post","type-post","status-publish","format-standard","has-post-thumbnail","hentry","category-noticias","tag-belmonte"],"_links":{"self":[{"href":"https:\/\/www.maisbn.com\/portal\/wp-json\/wp\/v2\/posts\/9584","targetHints":{"allow":["GET"]}}],"collection":[{"href":"https:\/\/www.maisbn.com\/portal\/wp-json\/wp\/v2\/posts"}],"about":[{"href":"https:\/\/www.maisbn.com\/portal\/wp-json\/wp\/v2\/types\/post"}],"author":[{"embeddable":true,"href":"https:\/\/www.maisbn.com\/portal\/wp-json\/wp\/v2\/users\/7"}],"replies":[{"embeddable":true,"href":"https:\/\/www.maisbn.com\/portal\/wp-json\/wp\/v2\/comments?post=9584"}],"version-history":[{"count":2,"href":"https:\/\/www.maisbn.com\/portal\/wp-json\/wp\/v2\/posts\/9584\/revisions"}],"predecessor-version":[{"id":9591,"href":"https:\/\/www.maisbn.com\/portal\/wp-json\/wp\/v2\/posts\/9584\/revisions\/9591"}],"wp:featuredmedia":[{"embeddable":true,"href":"https:\/\/www.maisbn.com\/portal\/wp-json\/wp\/v2\/media\/9586"}],"wp:attachment":[{"href":"https:\/\/www.maisbn.com\/portal\/wp-json\/wp\/v2\/media?parent=9584"}],"wp:term":[{"taxonomy":"category","embeddable":true,"href":"https:\/\/www.maisbn.com\/portal\/wp-json\/wp\/v2\/categories?post=9584"},{"taxonomy":"post_tag","embeddable":true,"href":"https:\/\/www.maisbn.com\/portal\/wp-json\/wp\/v2\/tags?post=9584"}],"curies":[{"name":"wp","href":"https:\/\/api.w.org\/{rel}","templated":true}]}}