{"id":9578,"date":"2015-12-13T21:30:32","date_gmt":"2015-12-14T00:30:32","guid":{"rendered":"http:\/\/www.maisbn.com\/portal\/?p=9578"},"modified":"2015-12-13T21:30:32","modified_gmt":"2015-12-14T00:30:32","slug":"campus-da-ufsb-em-porto-seguro-sera-inaugurado-nessa-segunda-feira-1412","status":"publish","type":"post","link":"https:\/\/www.maisbn.com\/portal\/2015\/12\/campus-da-ufsb-em-porto-seguro-sera-inaugurado-nessa-segunda-feira-1412\/","title":{"rendered":"Campus da UFSB em Porto Seguro ser\u00e1 inaugurado nessa segunda-feira (14\/12)."},"content":{"rendered":"<p><a href=\"http:\/\/www.maisbn.com\/portal\/wp-content\/uploads\/2015\/12\/campus-ufsb-porto-seguro.jpg\"><img loading=\"lazy\" decoding=\"async\" class=\"aligncenter size-full wp-image-9579\" src=\"http:\/\/www.maisbn.com\/portal\/wp-content\/uploads\/2015\/12\/campus-ufsb-porto-seguro.jpg\" alt=\"campus-ufsb-porto-seguro\" width=\"640\" height=\"360\" \/><\/a><\/p>\n<p><span style=\"color: #000000;\">Nesta segunda-feira (14\/12), \u00e0s 10 horas, a Universidade Federal do Sul da Bahia (UFSB), juntamente com o governador do Estado da Bahia, Rui Costa, e o ministro da Educa\u00e7\u00e3o, Aloizio Mercadante, inaugurar\u00e3o as instala\u00e7\u00f5es do Campus Sos\u00edgenes Costa, em Porto Seguro. A solenidade ser\u00e1 marcada pelo descerramento de duas placas de identidade visual da Universidade situadas na entrada do Campus. Na ocasi\u00e3o, tamb\u00e9m ser\u00e1 assinada a Ordem de Servi\u00e7o para o in\u00edcio da constru\u00e7\u00e3o do Pr\u00e9dio do IHAC do Campus Jorge Amado (Itabuna), recentemente licitado.<\/span><\/p>\n<p><span style=\"color: #000000;\">Em 2013, foi sugerida pela Prefeitura de Porto Seguro a possibilidade de utiliza\u00e7\u00e3o do Centro de Cultura e Eventos do Descobrimento (CCED) para as necessidades administrativas e acad\u00eamicas da nascente universidade. Em 2015, o governador Rui Costa prop\u00f4s que fosse feita a doa\u00e7\u00e3o definitiva do equipamento, que, atrav\u00e9s de Termo de Cess\u00e3o, repassou o Centro de Conven\u00e7\u00f5es \u00e0 UFSB. Desde ent\u00e3o, a Universidade vem gradativamente ocupando e expandindo as instala\u00e7\u00f5es do CCED.<\/span><\/p>\n<p><span style=\"color: #000000;\">Para atender \u00e0s demandas da Institui\u00e7\u00e3o, foram realizadas reformas no Audit\u00f3rio Cabr\u00e1lia, nas Varandas do Pavilh\u00e3o de Conven\u00e7\u00f5es, no P\u00f3rtico e foram feitas adequa\u00e7\u00f5es de espa\u00e7os destinados \u00e0s lojas em espa\u00e7os de Leitura\/estudo. Essas interven\u00e7\u00f5es proporcionaram \u00e0 Comunidade Acad\u00eamica a disponibiliza\u00e7\u00e3o de 18 salas de aulas, com capacidade total para 595 pessoas, Biblioteca com 285 m\u00b2 e capacidade para 2.000 livros, cabines de leitura e salas de estudo, laborat\u00f3rio multim\u00eddia, al\u00e9m de Salas de Atendimento Psicol\u00f3gico, Enfermaria e Assist\u00eancia Social. O investimento na reforma foi de R$ 2,1 milh\u00f5es.<br \/>\n<\/span><\/p>\n<p><span style=\"color: #000000;\">Toda a comunidade est\u00e1 convidada para participar da solenidade, dia 14 de dezembro, \u00e0s 10 horas, no Campus Sos\u00edgenes Costa, localizado na Rodovia Porto Seguro \u2013 Eun\u00e1polis, BR-367, km 10, na cidade de Porto Seguro.<\/span><\/p>\n","protected":false},"excerpt":{"rendered":"<p>Nesta segunda-feira (14\/12), \u00e0s 10 horas, a Universidade Federal do Sul da Bahia (UFSB), juntamente com o governador do Estado da Bahia, Rui Costa, e o ministro da Educa\u00e7\u00e3o, Aloizio Mercadante, inaugurar\u00e3o as instala\u00e7\u00f5es do Campus Sos\u00edgenes Costa, em Porto Seguro. A solenidade ser\u00e1 marcada pelo descerramento de duas placas de identidade visual da Universidade [&hellip;]<\/p>\n","protected":false},"author":7,"featured_media":9579,"comment_status":"open","ping_status":"open","sticky":false,"template":"","format":"standard","meta":{"footnotes":""},"categories":[8,1],"tags":[108],"class_list":["post-9578","post","type-post","status-publish","format-standard","has-post-thumbnail","hentry","category-educacao","category-noticias","tag-belmonte"],"_links":{"self":[{"href":"https:\/\/www.maisbn.com\/portal\/wp-json\/wp\/v2\/posts\/9578","targetHints":{"allow":["GET"]}}],"collection":[{"href":"https:\/\/www.maisbn.com\/portal\/wp-json\/wp\/v2\/posts"}],"about":[{"href":"https:\/\/www.maisbn.com\/portal\/wp-json\/wp\/v2\/types\/post"}],"author":[{"embeddable":true,"href":"https:\/\/www.maisbn.com\/portal\/wp-json\/wp\/v2\/users\/7"}],"replies":[{"embeddable":true,"href":"https:\/\/www.maisbn.com\/portal\/wp-json\/wp\/v2\/comments?post=9578"}],"version-history":[{"count":1,"href":"https:\/\/www.maisbn.com\/portal\/wp-json\/wp\/v2\/posts\/9578\/revisions"}],"predecessor-version":[{"id":9580,"href":"https:\/\/www.maisbn.com\/portal\/wp-json\/wp\/v2\/posts\/9578\/revisions\/9580"}],"wp:featuredmedia":[{"embeddable":true,"href":"https:\/\/www.maisbn.com\/portal\/wp-json\/wp\/v2\/media\/9579"}],"wp:attachment":[{"href":"https:\/\/www.maisbn.com\/portal\/wp-json\/wp\/v2\/media?parent=9578"}],"wp:term":[{"taxonomy":"category","embeddable":true,"href":"https:\/\/www.maisbn.com\/portal\/wp-json\/wp\/v2\/categories?post=9578"},{"taxonomy":"post_tag","embeddable":true,"href":"https:\/\/www.maisbn.com\/portal\/wp-json\/wp\/v2\/tags?post=9578"}],"curies":[{"name":"wp","href":"https:\/\/api.w.org\/{rel}","templated":true}]}}