{"id":9550,"date":"2015-12-08T20:05:07","date_gmt":"2015-12-08T23:05:07","guid":{"rendered":"http:\/\/www.maisbn.com\/portal\/?p=9550"},"modified":"2015-12-08T20:05:07","modified_gmt":"2015-12-08T23:05:07","slug":"menor-homicida-e-preso-pela-policia-militar-de-santa-cruz-cabralia","status":"publish","type":"post","link":"https:\/\/www.maisbn.com\/portal\/2015\/12\/menor-homicida-e-preso-pela-policia-militar-de-santa-cruz-cabralia\/","title":{"rendered":"Menor homicida \u00e9 preso pela Policia Militar de Santa Cruz Cabr\u00e1lia."},"content":{"rendered":"<p><span style=\"color: #000000;\">Por volta das 17 horas desta segunda-feira, uma guarni\u00e7\u00e3o do 8 Batalh\u00e3o\/4\u00aa CIACabr\u00e1lia efetuou a apreens\u00e3o do adolescente infrator ANN, quando este se preparava para fugir da cidade.<\/span><\/p>\n<p><a href=\"http:\/\/www.maisbn.com\/portal\/wp-content\/uploads\/2015\/12\/menor_homicida_cabralia.jpg\"><img loading=\"lazy\" decoding=\"async\" class=\"aligncenter size-full wp-image-9551\" src=\"http:\/\/www.maisbn.com\/portal\/wp-content\/uploads\/2015\/12\/menor_homicida_cabralia.jpg\" alt=\"menor_homicida_cabralia\" width=\"613\" height=\"700\" \/><\/a><\/p>\n<p><span style=\"color: #000000;\">O adolescente participou da morte e oculta\u00e7\u00e3o de cad\u00e1ver de um adolescente Mineiro no m\u00eas de agosto e estava foragido com mandado de busca e apreens\u00e3o.<\/span><\/p>\n<p><span style=\"color: #000000;\">A guarni\u00e7\u00e3o realizava rondas no Distrito de Coroa Vermelha quando o reconheceram em um ponto de \u00f4nibus e de imediato deram cumprimento ao mandado, apresentando o menor infrator \u00e0 delegacia de Pol\u00edcia Civil para as devidas provid\u00eancias<\/span><\/p>\n","protected":false},"excerpt":{"rendered":"<p>Por volta das 17 horas desta segunda-feira, uma guarni\u00e7\u00e3o do 8 Batalh\u00e3o\/4\u00aa CIACabr\u00e1lia efetuou a apreens\u00e3o do adolescente infrator ANN, quando este se preparava para fugir da cidade. O adolescente participou da morte e oculta\u00e7\u00e3o de cad\u00e1ver de um adolescente Mineiro no m\u00eas de agosto e estava foragido com mandado de busca e apreens\u00e3o. A [&hellip;]<\/p>\n","protected":false},"author":7,"featured_media":9552,"comment_status":"open","ping_status":"open","sticky":false,"template":"","format":"standard","meta":{"footnotes":""},"categories":[1,16],"tags":[91],"class_list":["post-9550","post","type-post","status-publish","format-standard","has-post-thumbnail","hentry","category-noticias","category-policial","tag-santa-cruz-cabralia"],"_links":{"self":[{"href":"https:\/\/www.maisbn.com\/portal\/wp-json\/wp\/v2\/posts\/9550","targetHints":{"allow":["GET"]}}],"collection":[{"href":"https:\/\/www.maisbn.com\/portal\/wp-json\/wp\/v2\/posts"}],"about":[{"href":"https:\/\/www.maisbn.com\/portal\/wp-json\/wp\/v2\/types\/post"}],"author":[{"embeddable":true,"href":"https:\/\/www.maisbn.com\/portal\/wp-json\/wp\/v2\/users\/7"}],"replies":[{"embeddable":true,"href":"https:\/\/www.maisbn.com\/portal\/wp-json\/wp\/v2\/comments?post=9550"}],"version-history":[{"count":1,"href":"https:\/\/www.maisbn.com\/portal\/wp-json\/wp\/v2\/posts\/9550\/revisions"}],"predecessor-version":[{"id":9553,"href":"https:\/\/www.maisbn.com\/portal\/wp-json\/wp\/v2\/posts\/9550\/revisions\/9553"}],"wp:featuredmedia":[{"embeddable":true,"href":"https:\/\/www.maisbn.com\/portal\/wp-json\/wp\/v2\/media\/9552"}],"wp:attachment":[{"href":"https:\/\/www.maisbn.com\/portal\/wp-json\/wp\/v2\/media?parent=9550"}],"wp:term":[{"taxonomy":"category","embeddable":true,"href":"https:\/\/www.maisbn.com\/portal\/wp-json\/wp\/v2\/categories?post=9550"},{"taxonomy":"post_tag","embeddable":true,"href":"https:\/\/www.maisbn.com\/portal\/wp-json\/wp\/v2\/tags?post=9550"}],"curies":[{"name":"wp","href":"https:\/\/api.w.org\/{rel}","templated":true}]}}