{"id":9529,"date":"2015-12-06T09:08:18","date_gmt":"2015-12-06T12:08:18","guid":{"rendered":"http:\/\/www.maisbn.com\/portal\/?p=9529"},"modified":"2015-12-06T09:08:18","modified_gmt":"2015-12-06T12:08:18","slug":"janio-natal-denuncia-medida-do-governo-do-estado-que-acaba-com-beneficios-dos-servidores","status":"publish","type":"post","link":"https:\/\/www.maisbn.com\/portal\/2015\/12\/janio-natal-denuncia-medida-do-governo-do-estado-que-acaba-com-beneficios-dos-servidores\/","title":{"rendered":"J\u00e2nio Natal denuncia medida do governo do estado que acaba com benef\u00edcios dos servidores."},"content":{"rendered":"<p><a href=\"http:\/\/www.maisbn.com\/portal\/wp-content\/uploads\/2015\/06\/janio-700x448.jpg\"><img loading=\"lazy\" decoding=\"async\" class=\"aligncenter size-full wp-image-8072\" src=\"http:\/\/www.maisbn.com\/portal\/wp-content\/uploads\/2015\/06\/janio-700x448.jpg\" alt=\"janio-700x448\" width=\"700\" height=\"448\" \/><\/a><\/p>\n<p><span style=\"color: #000000;\">O deputado estadual J\u00e2nio Natal postou em sua pagina no facebook, que foi informado de que a Assembleia Legislativa recebeu do governo estadual, para aprova\u00e7\u00e3o, um \u201cpacote\u201d de medidas, com 3 propostas: uma de Emenda \u00e0 Constitui\u00e7\u00e3o do Estado (a PEC 148\/2015) e outras duas de Projetos de Lei (o PL 21.631\/2015 e o PLC 123\/2015).<\/span><\/p>\n<p><span style=\"color: #000000;\">Segundo a informa\u00e7\u00e3o, este pacote tem o objetivo de alterar as regras da Licen\u00e7a Pr\u00eamio dos servidores estaduais, determinando <span class=\"text_exposed_show\">que os que venham a ser empossados daqui em diante n\u00e3o tenham mais direito a este benef\u00edcio. &#8220;<\/span>O pacote ainda n\u00e3o foi submetido \u00e0 aprecia\u00e7\u00e3o dos deputados, mas quero garantir que estarei atento ao assunto e votarei CONTRA qualquer medida que venha prejudicar os servidores p\u00fablicos ou os trabalhadores baianos, que com seu trabalho honesto e produtivo fazem a grandeza do nosso estado. Afinal, este \u00e9 o novo estilo do PT: antes em defesa dos trabalhadores e agora sempre contra quem trabalha e produz!&#8221; &#8211; Comentou J\u00e3nio em sua postagem.<\/span><\/p>\n<div class=\"text_exposed_show\">\n<p>&nbsp;<\/p>\n<\/div>\n","protected":false},"excerpt":{"rendered":"<p>O deputado estadual J\u00e2nio Natal postou em sua pagina no facebook, que foi informado de que a Assembleia Legislativa recebeu do governo estadual, para aprova\u00e7\u00e3o, um \u201cpacote\u201d de medidas, com 3 propostas: uma de Emenda \u00e0 Constitui\u00e7\u00e3o do Estado (a PEC 148\/2015) e outras duas de Projetos de Lei (o PL 21.631\/2015 e o PLC [&hellip;]<\/p>\n","protected":false},"author":7,"featured_media":8072,"comment_status":"open","ping_status":"open","sticky":false,"template":"","format":"standard","meta":{"footnotes":""},"categories":[1,7],"tags":[108],"class_list":["post-9529","post","type-post","status-publish","format-standard","has-post-thumbnail","hentry","category-noticias","category-politica","tag-belmonte"],"_links":{"self":[{"href":"https:\/\/www.maisbn.com\/portal\/wp-json\/wp\/v2\/posts\/9529","targetHints":{"allow":["GET"]}}],"collection":[{"href":"https:\/\/www.maisbn.com\/portal\/wp-json\/wp\/v2\/posts"}],"about":[{"href":"https:\/\/www.maisbn.com\/portal\/wp-json\/wp\/v2\/types\/post"}],"author":[{"embeddable":true,"href":"https:\/\/www.maisbn.com\/portal\/wp-json\/wp\/v2\/users\/7"}],"replies":[{"embeddable":true,"href":"https:\/\/www.maisbn.com\/portal\/wp-json\/wp\/v2\/comments?post=9529"}],"version-history":[{"count":1,"href":"https:\/\/www.maisbn.com\/portal\/wp-json\/wp\/v2\/posts\/9529\/revisions"}],"predecessor-version":[{"id":9530,"href":"https:\/\/www.maisbn.com\/portal\/wp-json\/wp\/v2\/posts\/9529\/revisions\/9530"}],"wp:featuredmedia":[{"embeddable":true,"href":"https:\/\/www.maisbn.com\/portal\/wp-json\/wp\/v2\/media\/8072"}],"wp:attachment":[{"href":"https:\/\/www.maisbn.com\/portal\/wp-json\/wp\/v2\/media?parent=9529"}],"wp:term":[{"taxonomy":"category","embeddable":true,"href":"https:\/\/www.maisbn.com\/portal\/wp-json\/wp\/v2\/categories?post=9529"},{"taxonomy":"post_tag","embeddable":true,"href":"https:\/\/www.maisbn.com\/portal\/wp-json\/wp\/v2\/tags?post=9529"}],"curies":[{"name":"wp","href":"https:\/\/api.w.org\/{rel}","templated":true}]}}