{"id":9514,"date":"2015-12-04T18:56:19","date_gmt":"2015-12-04T21:56:19","guid":{"rendered":"http:\/\/www.maisbn.com\/portal\/?p=9514"},"modified":"2015-12-04T19:21:06","modified_gmt":"2015-12-04T22:21:06","slug":"vice-prefeita-de-belmonte-tenta-na-justica-anular-decreto-que-reduz-seu-salario-em-20-por-causa-da-crise","status":"publish","type":"post","link":"https:\/\/www.maisbn.com\/portal\/2015\/12\/vice-prefeita-de-belmonte-tenta-na-justica-anular-decreto-que-reduz-seu-salario-em-20-por-causa-da-crise\/","title":{"rendered":"Vice-prefeita de Belmonte tenta na justi\u00e7a anular decreto que reduz seu sal\u00e1rio em 20% por causa da crise."},"content":{"rendered":"<p><a href=\"http:\/\/www.maisbn.com\/portal\/wp-content\/uploads\/2013\/12\/guerra_viceprefeita.jpg\"><img loading=\"lazy\" decoding=\"async\" class=\"aligncenter size-full wp-image-3823\" src=\"http:\/\/www.maisbn.com\/portal\/wp-content\/uploads\/2013\/12\/guerra_viceprefeita.jpg\" alt=\"guerra_viceprefeita\" width=\"353\" height=\"259\" \/><\/a><\/p>\n<p><span style=\"color: #000000;\">O caldo entornou mais uma vez na rela\u00e7\u00e3o entre a Prefeita Alice Britto e sua vice Carla Xavier e agora as duas se encontrar\u00e3o na justi\u00e7a para travar mais um embate. Estamos falando do pedido de mandado de seguran\u00e7a repressivo com pedido de liminar que est\u00e1 sendo movido por Carla Xavier contra o decreto 467-A\/2015, de 26 de outubro de 2015 que reduziu os subs\u00eddios da Prefeita, Vice-prefeita e Secret\u00e1rios Municipais em 20% no per\u00edodo de 180 dias. A medida foi tomada por causa da crise que afetou as verbas da Prefeitura de Belmonte e dificultou a vida financeira do munic\u00edpio.<\/span><\/p>\n<p><span style=\"color: #000000;\">Com a medida o sal\u00e1rio da vice-prefeita que era de R$ 6.500,00 (Seis Mil e Quinhentos Reais), ap\u00f3s o decreto caiu para R$ 5.200,00 (Cinco Mil e Duzentos Reais). O principal argumento da peti\u00e7\u00e3o de Carla \u00e9 que a Prefeita Alice Britto n\u00e3o poderia unilateralmente, por meio de decreto, reduzir os seus subs\u00eddios, j\u00e1 que, segundo ela, a lei fala que cabe \u00e0 C\u00e2mara de Vereadores votar em lei os subs\u00eddios do Prefeito, Vice-prefeito e Vereadores para o ano subsequente, portanto, segundo a peti\u00e7\u00e3o, a Prefeita Alice Britto n\u00e3o poderia expedir um decreto dessa natureza no m\u00eas de outubro com efic\u00e1cia imediata. Carla ainda comenta em sua a\u00e7\u00e3o que tal fato pegou todos de surpresa e afetou os or\u00e7amentos dos entes p\u00fablicos afetados.<\/span><\/p>\n<p><span style=\"color: #000000;\">Pessoas ligadas \u00e0 Prefeita Alice Britto discordam da acusa\u00e7\u00e3o de Carla Xavier que fala que pegou todos de surpresa. Segundo essas pessoas, que n\u00e3o quiseram se identificar, a iniciativa partiu dos pr\u00f3prios secret\u00e1rios municipais e todos se reuniram e manifestaram apoio \u00e0 medida. Essas pessoas ainda comentaram com nossa reportagem que se tentou na \u00e9poca entrar em contato com a vice-prefeita v\u00e1rias vezes e que n\u00e3o se obteve sucesso. O grupo pol\u00edtico da Prefeita Alice Britto atacou a medida da vice-prefeita e os coment\u00e1rios constam que Carla Xavier est\u00e1 tentando desestabilizar a gestora e aparecer pol\u00edticamente.<br \/>\n<\/span><\/p>\n<p><span style=\"color: #000000;\">Algumas pessoas foram pegas de surpresa pela iniciativa da Vice-prefeita, j\u00e1 que, a mesma parecia concordar com a medida visando o bem de Belmonte e que os coment\u00e1rios atribu\u00eddos a ela feito nas redes sociais, dava-se a entender que a mesma estava conformada com o fato.<\/span><\/p>\n<p><span style=\"color: #000000;\">Abordada pelo assunto a Prefeita Alice Britto preferiu n\u00e3o comentar a a\u00e7\u00e3o, se limitou a dizer que n\u00e3o h\u00e1 ilegalidade no decreto e que tudo ser\u00e1 provado juridicamente. <\/span><\/p>\n<p>&nbsp;<\/p>\n","protected":false},"excerpt":{"rendered":"<p>O caldo entornou mais uma vez na rela\u00e7\u00e3o entre a Prefeita Alice Britto e sua vice Carla Xavier e agora as duas se encontrar\u00e3o na justi\u00e7a para travar mais um embate. Estamos falando do pedido de mandado de seguran\u00e7a repressivo com pedido de liminar que est\u00e1 sendo movido por Carla Xavier contra o decreto 467-A\/2015, [&hellip;]<\/p>\n","protected":false},"author":7,"featured_media":3823,"comment_status":"open","ping_status":"open","sticky":false,"template":"","format":"standard","meta":{"footnotes":""},"categories":[1,7],"tags":[108],"class_list":["post-9514","post","type-post","status-publish","format-standard","has-post-thumbnail","hentry","category-noticias","category-politica","tag-belmonte"],"_links":{"self":[{"href":"https:\/\/www.maisbn.com\/portal\/wp-json\/wp\/v2\/posts\/9514","targetHints":{"allow":["GET"]}}],"collection":[{"href":"https:\/\/www.maisbn.com\/portal\/wp-json\/wp\/v2\/posts"}],"about":[{"href":"https:\/\/www.maisbn.com\/portal\/wp-json\/wp\/v2\/types\/post"}],"author":[{"embeddable":true,"href":"https:\/\/www.maisbn.com\/portal\/wp-json\/wp\/v2\/users\/7"}],"replies":[{"embeddable":true,"href":"https:\/\/www.maisbn.com\/portal\/wp-json\/wp\/v2\/comments?post=9514"}],"version-history":[{"count":3,"href":"https:\/\/www.maisbn.com\/portal\/wp-json\/wp\/v2\/posts\/9514\/revisions"}],"predecessor-version":[{"id":9517,"href":"https:\/\/www.maisbn.com\/portal\/wp-json\/wp\/v2\/posts\/9514\/revisions\/9517"}],"wp:featuredmedia":[{"embeddable":true,"href":"https:\/\/www.maisbn.com\/portal\/wp-json\/wp\/v2\/media\/3823"}],"wp:attachment":[{"href":"https:\/\/www.maisbn.com\/portal\/wp-json\/wp\/v2\/media?parent=9514"}],"wp:term":[{"taxonomy":"category","embeddable":true,"href":"https:\/\/www.maisbn.com\/portal\/wp-json\/wp\/v2\/categories?post=9514"},{"taxonomy":"post_tag","embeddable":true,"href":"https:\/\/www.maisbn.com\/portal\/wp-json\/wp\/v2\/tags?post=9514"}],"curies":[{"name":"wp","href":"https:\/\/api.w.org\/{rel}","templated":true}]}}