{"id":9396,"date":"2015-11-22T12:43:35","date_gmt":"2015-11-22T15:43:35","guid":{"rendered":"http:\/\/www.maisbn.com\/portal\/?p=9396"},"modified":"2015-11-22T12:45:19","modified_gmt":"2015-11-22T15:45:19","slug":"associacao-zumbi-dos-palmares-e-academia-arte-baiana-promovem-comemoracao-ao-dia-da-consciencia-negra","status":"publish","type":"post","link":"https:\/\/www.maisbn.com\/portal\/2015\/11\/associacao-zumbi-dos-palmares-e-academia-arte-baiana-promovem-comemoracao-ao-dia-da-consciencia-negra\/","title":{"rendered":"Associa\u00e7\u00e3o Zumbi dos Palmares e Academia Arte Baiana promovem comemora\u00e7\u00e3o ao dia da Consci\u00eancia Negra"},"content":{"rendered":"<p><span style=\"color: #000000;\">Nesta sexta-feira (20\/11) a Associa\u00e7\u00e3o Zumbi dos Palmares, sob comando do Contramestre Badar\u00f3, realizou juntamente com a Academia Arte Baiana, sob o comando do Mestre Jodiel, um Rod\u00e3o de Capoeira em homenagem ao dia da Consci\u00eancia Negra e a data da morte de Zumbi dos Palmares, um dos maiores guerreiros que lutaram contra a escravid\u00e3o no pa\u00eds.<\/span><\/p>\n<div id=\"attachment_9397\" style=\"width: 710px\" class=\"wp-caption aligncenter\"><a href=\"http:\/\/www.maisbn.com\/portal\/wp-content\/uploads\/2015\/11\/capoeira-05.jpg\"><img loading=\"lazy\" decoding=\"async\" aria-describedby=\"caption-attachment-9397\" class=\"wp-image-9397 size-full\" src=\"http:\/\/www.maisbn.com\/portal\/wp-content\/uploads\/2015\/11\/capoeira-05.jpg\" alt=\"capoeira-05\" width=\"700\" height=\"394\" \/><\/a><p id=\"caption-attachment-9397\" class=\"wp-caption-text\">Imagem enviada via Watsapp<\/p><\/div>\n<p><span style=\"color: #000000;\">Nesse evento, o contramestre Badar\u00f3 e o Mestre Jodiel tiveram o objetivo de mostrar \u00e0 comunidade a uni\u00e3o da capoeira em Belmonte e a import\u00e2ncia que o esporte tem na luta para tirar os jovens das ruas, das drogas e da viol\u00eancia. O evento foi uma grande confraterniza\u00e7\u00e3o que todos os anos \u00e9 realizada pela Associa\u00e7\u00e3o Zumbi dos Palmares que sempre conta com a participa\u00e7\u00e3o de amigos e pessoas da comunidade.<\/span><\/p>\n<div id=\"attachment_9398\" style=\"width: 710px\" class=\"wp-caption aligncenter\"><a href=\"http:\/\/www.maisbn.com\/portal\/wp-content\/uploads\/2015\/11\/capoeira-04.jpg\"><img loading=\"lazy\" decoding=\"async\" aria-describedby=\"caption-attachment-9398\" class=\"size-full wp-image-9398\" src=\"http:\/\/www.maisbn.com\/portal\/wp-content\/uploads\/2015\/11\/capoeira-04.jpg\" alt=\"Imagens enviadas via Watsapp.\" width=\"700\" height=\"528\" \/><\/a><p id=\"caption-attachment-9398\" class=\"wp-caption-text\">Imagens enviadas via Watsapp.<\/p><\/div>\n<p><span style=\"color: #000000;\">No final dessa grande festa cultural Badar\u00f3 agradeceu a todas as pessoas que sempre prestigiam o trabalho da Associa\u00e7\u00e3o Zumbi dos Palmares.<\/span><\/p>\n<p>&nbsp;<\/p>\n<p>&nbsp;<\/p>\n","protected":false},"excerpt":{"rendered":"<p>Nesta sexta-feira (20\/11) a Associa\u00e7\u00e3o Zumbi dos Palmares, sob comando do Contramestre Badar\u00f3, realizou juntamente com a Academia Arte Baiana, sob o comando do Mestre Jodiel, um Rod\u00e3o de Capoeira em homenagem ao dia da Consci\u00eancia Negra e a data da morte de Zumbi dos Palmares, um dos maiores guerreiros que lutaram contra a escravid\u00e3o [&hellip;]<\/p>\n","protected":false},"author":7,"featured_media":9398,"comment_status":"open","ping_status":"open","sticky":false,"template":"","format":"standard","meta":{"footnotes":""},"categories":[10,1],"tags":[108],"class_list":["post-9396","post","type-post","status-publish","format-standard","has-post-thumbnail","hentry","category-esporte","category-noticias","tag-belmonte"],"_links":{"self":[{"href":"https:\/\/www.maisbn.com\/portal\/wp-json\/wp\/v2\/posts\/9396","targetHints":{"allow":["GET"]}}],"collection":[{"href":"https:\/\/www.maisbn.com\/portal\/wp-json\/wp\/v2\/posts"}],"about":[{"href":"https:\/\/www.maisbn.com\/portal\/wp-json\/wp\/v2\/types\/post"}],"author":[{"embeddable":true,"href":"https:\/\/www.maisbn.com\/portal\/wp-json\/wp\/v2\/users\/7"}],"replies":[{"embeddable":true,"href":"https:\/\/www.maisbn.com\/portal\/wp-json\/wp\/v2\/comments?post=9396"}],"version-history":[{"count":3,"href":"https:\/\/www.maisbn.com\/portal\/wp-json\/wp\/v2\/posts\/9396\/revisions"}],"predecessor-version":[{"id":9401,"href":"https:\/\/www.maisbn.com\/portal\/wp-json\/wp\/v2\/posts\/9396\/revisions\/9401"}],"wp:featuredmedia":[{"embeddable":true,"href":"https:\/\/www.maisbn.com\/portal\/wp-json\/wp\/v2\/media\/9398"}],"wp:attachment":[{"href":"https:\/\/www.maisbn.com\/portal\/wp-json\/wp\/v2\/media?parent=9396"}],"wp:term":[{"taxonomy":"category","embeddable":true,"href":"https:\/\/www.maisbn.com\/portal\/wp-json\/wp\/v2\/categories?post=9396"},{"taxonomy":"post_tag","embeddable":true,"href":"https:\/\/www.maisbn.com\/portal\/wp-json\/wp\/v2\/tags?post=9396"}],"curies":[{"name":"wp","href":"https:\/\/api.w.org\/{rel}","templated":true}]}}