{"id":9392,"date":"2015-11-21T14:00:33","date_gmt":"2015-11-21T17:00:33","guid":{"rendered":"http:\/\/www.maisbn.com\/portal\/?p=9392"},"modified":"2015-11-21T14:00:33","modified_gmt":"2015-11-21T17:00:33","slug":"deputado-janio-natal-emplaca-projeto-e-porto-seguro-sera-capital-da-bahia-em-22-de-abril","status":"publish","type":"post","link":"https:\/\/www.maisbn.com\/portal\/2015\/11\/deputado-janio-natal-emplaca-projeto-e-porto-seguro-sera-capital-da-bahia-em-22-de-abril\/","title":{"rendered":"Deputado J\u00e2nio Natal emplaca projeto e Porto Seguro ser\u00e1 capital da Bahia em 22 de Abril."},"content":{"rendered":"<p><a href=\"http:\/\/www.maisbn.com\/portal\/wp-content\/uploads\/2015\/11\/centro-porto-seguro.jpg\"><img loading=\"lazy\" decoding=\"async\" class=\"aligncenter size-full wp-image-9393\" src=\"http:\/\/www.maisbn.com\/portal\/wp-content\/uploads\/2015\/11\/centro-porto-seguro.jpg\" alt=\"centro-porto-seguro\" width=\"614\" height=\"410\" \/><\/a><\/p>\n<p><span style=\"color: #000000;\">A partir de 2016, Porto Seguro ser\u00e1 a capital baiana todo dia 22 de abril. Situada no extremo sul do estado, a cidade \u00e9 apontada como o local em que as naus portuguesas chegaram ao Brasil, em 1500. A proposta do deputado estadual J\u00e2nio Natal (PRP) foi aprovada pelo plen\u00e1rio da Assembleia Legislativa da Bahia (AL-BA) e promulgada pelo presidente da Casa, Marcelo Nilo (PDT). O texto foi publicado no Di\u00e1rio Oficial do Estado (DOE) desta quinta-feira (19) e determina que a sede do governo seja simbolicamente transferida para Porto Seguro no dia 22 de abril \u2013 data em que Pedro \u00c1lvares Cabral pisou pela primeira vez nas terras tupiniquins. Ex-prefeito do munic\u00edpio, J\u00e2nio j\u00e1 havia proposto que a capital federal tamb\u00e9m mudasse para o extremo sul baiano no Dia do Descobrimento do Brasil. Na C\u00e2mara Federal, o projeto foi aprovado pelas Comiss\u00f5es de Constitui\u00e7\u00e3o, Justi\u00e7a e Cidadania e de Educa\u00e7\u00e3o e Cultura e aguarda aprecia\u00e7\u00e3o do plen\u00e1rio. Desde 2008, a sede do governo do Estado j\u00e1 \u00e9 transferida, anualmente, para a cidade de Cachoeira no dia 25 de junho, em comemora\u00e7\u00e3o \u00e0s lutas do munic\u00edpio do Rec\u00f4ncavo que resultaram na Independ\u00eancia da Bahia.<\/span><\/p>\n","protected":false},"excerpt":{"rendered":"<p>A partir de 2016, Porto Seguro ser\u00e1 a capital baiana todo dia 22 de abril. Situada no extremo sul do estado, a cidade \u00e9 apontada como o local em que as naus portuguesas chegaram ao Brasil, em 1500. A proposta do deputado estadual J\u00e2nio Natal (PRP) foi aprovada pelo plen\u00e1rio da Assembleia Legislativa da Bahia [&hellip;]<\/p>\n","protected":false},"author":7,"featured_media":9393,"comment_status":"open","ping_status":"open","sticky":false,"template":"","format":"standard","meta":{"footnotes":""},"categories":[1,7],"tags":[108],"class_list":["post-9392","post","type-post","status-publish","format-standard","has-post-thumbnail","hentry","category-noticias","category-politica","tag-belmonte"],"_links":{"self":[{"href":"https:\/\/www.maisbn.com\/portal\/wp-json\/wp\/v2\/posts\/9392","targetHints":{"allow":["GET"]}}],"collection":[{"href":"https:\/\/www.maisbn.com\/portal\/wp-json\/wp\/v2\/posts"}],"about":[{"href":"https:\/\/www.maisbn.com\/portal\/wp-json\/wp\/v2\/types\/post"}],"author":[{"embeddable":true,"href":"https:\/\/www.maisbn.com\/portal\/wp-json\/wp\/v2\/users\/7"}],"replies":[{"embeddable":true,"href":"https:\/\/www.maisbn.com\/portal\/wp-json\/wp\/v2\/comments?post=9392"}],"version-history":[{"count":1,"href":"https:\/\/www.maisbn.com\/portal\/wp-json\/wp\/v2\/posts\/9392\/revisions"}],"predecessor-version":[{"id":9394,"href":"https:\/\/www.maisbn.com\/portal\/wp-json\/wp\/v2\/posts\/9392\/revisions\/9394"}],"wp:featuredmedia":[{"embeddable":true,"href":"https:\/\/www.maisbn.com\/portal\/wp-json\/wp\/v2\/media\/9393"}],"wp:attachment":[{"href":"https:\/\/www.maisbn.com\/portal\/wp-json\/wp\/v2\/media?parent=9392"}],"wp:term":[{"taxonomy":"category","embeddable":true,"href":"https:\/\/www.maisbn.com\/portal\/wp-json\/wp\/v2\/categories?post=9392"},{"taxonomy":"post_tag","embeddable":true,"href":"https:\/\/www.maisbn.com\/portal\/wp-json\/wp\/v2\/tags?post=9392"}],"curies":[{"name":"wp","href":"https:\/\/api.w.org\/{rel}","templated":true}]}}