{"id":9386,"date":"2015-11-20T20:19:40","date_gmt":"2015-11-20T23:19:40","guid":{"rendered":"http:\/\/www.maisbn.com\/portal\/?p=9386"},"modified":"2015-11-20T22:21:30","modified_gmt":"2015-11-21T01:21:30","slug":"ex-jogador-da-selecao-de-belmonte-que-matou-o-tio-se-entrega-a-policia","status":"publish","type":"post","link":"https:\/\/www.maisbn.com\/portal\/2015\/11\/ex-jogador-da-selecao-de-belmonte-que-matou-o-tio-se-entrega-a-policia\/","title":{"rendered":"Ex-jogador da Sele\u00e7\u00e3o de Belmonte que matou o tio se entrega a Pol\u00edcia."},"content":{"rendered":"<div id=\"attachment_9331\" style=\"width: 490px\" class=\"wp-caption aligncenter\"><a href=\"http:\/\/www.maisbn.com\/portal\/wp-content\/uploads\/2015\/11\/niltinho_assassino.jpg\"><img loading=\"lazy\" decoding=\"async\" aria-describedby=\"caption-attachment-9331\" class=\"size-full wp-image-9331\" src=\"http:\/\/www.maisbn.com\/portal\/wp-content\/uploads\/2015\/11\/niltinho_assassino.jpg\" alt=\"Niltinho, acusado de ser o autor do homic\u00eddio.\" width=\"480\" height=\"304\" \/><\/a><p id=\"caption-attachment-9331\" class=\"wp-caption-text\">Niltinho, acusado de ser o autor do homic\u00eddio.<\/p><\/div>\n<p><span style=\"color: #000000;\">O jovem\u00a0de 24 anos, acusado de ter matado o tio em Belmonte h\u00e1 quatro dias, se apresentou \u00e0 delegacia local, por volta do meio-dia desta sexta-feira (20).<\/span><\/p>\n<p><span style=\"color: #000000;\">Valdenilton da Silva Santos declarou \u00e0 pol\u00edcia que arremessou um fac\u00e3o durante uma briga com o tio Florisvaldo da Silva Santos, de 41 anos. O acusado falou ainda que estava a quatro metros de dist\u00e2ncia da v\u00edtima e n\u00e3o sabia que o ato resultaria em sua morte. O fac\u00e3o atingiu a art\u00e9ria femoral da perna esquerda de Florisvaldo, que morreu na tarde de segunda-feira (16).<\/span><\/p>\n<p><span style=\"color: #000000;\">O delegado Wendel Ferreira informou que Valdenilton foi autuado por homic\u00eddio, mas foi liberado, pois n\u00e3o houve flagrante. O delegado ressaltou ainda que ouvir\u00e1 testemunhas para encerrar o inqu\u00e9rito.<\/span><\/p>\n","protected":false},"excerpt":{"rendered":"<p>O jovem\u00a0de 24 anos, acusado de ter matado o tio em Belmonte h\u00e1 quatro dias, se apresentou \u00e0 delegacia local, por volta do meio-dia desta sexta-feira (20). Valdenilton da Silva Santos declarou \u00e0 pol\u00edcia que arremessou um fac\u00e3o durante uma briga com o tio Florisvaldo da Silva Santos, de 41 anos. O acusado falou ainda [&hellip;]<\/p>\n","protected":false},"author":7,"featured_media":9331,"comment_status":"open","ping_status":"open","sticky":false,"template":"","format":"standard","meta":{"footnotes":""},"categories":[1,16],"tags":[108],"class_list":["post-9386","post","type-post","status-publish","format-standard","has-post-thumbnail","hentry","category-noticias","category-policial","tag-belmonte"],"_links":{"self":[{"href":"https:\/\/www.maisbn.com\/portal\/wp-json\/wp\/v2\/posts\/9386","targetHints":{"allow":["GET"]}}],"collection":[{"href":"https:\/\/www.maisbn.com\/portal\/wp-json\/wp\/v2\/posts"}],"about":[{"href":"https:\/\/www.maisbn.com\/portal\/wp-json\/wp\/v2\/types\/post"}],"author":[{"embeddable":true,"href":"https:\/\/www.maisbn.com\/portal\/wp-json\/wp\/v2\/users\/7"}],"replies":[{"embeddable":true,"href":"https:\/\/www.maisbn.com\/portal\/wp-json\/wp\/v2\/comments?post=9386"}],"version-history":[{"count":1,"href":"https:\/\/www.maisbn.com\/portal\/wp-json\/wp\/v2\/posts\/9386\/revisions"}],"predecessor-version":[{"id":9387,"href":"https:\/\/www.maisbn.com\/portal\/wp-json\/wp\/v2\/posts\/9386\/revisions\/9387"}],"wp:featuredmedia":[{"embeddable":true,"href":"https:\/\/www.maisbn.com\/portal\/wp-json\/wp\/v2\/media\/9331"}],"wp:attachment":[{"href":"https:\/\/www.maisbn.com\/portal\/wp-json\/wp\/v2\/media?parent=9386"}],"wp:term":[{"taxonomy":"category","embeddable":true,"href":"https:\/\/www.maisbn.com\/portal\/wp-json\/wp\/v2\/categories?post=9386"},{"taxonomy":"post_tag","embeddable":true,"href":"https:\/\/www.maisbn.com\/portal\/wp-json\/wp\/v2\/tags?post=9386"}],"curies":[{"name":"wp","href":"https:\/\/api.w.org\/{rel}","templated":true}]}}