{"id":9378,"date":"2015-11-20T10:38:31","date_gmt":"2015-11-20T13:38:31","guid":{"rendered":"http:\/\/www.maisbn.com\/portal\/?p=9378"},"modified":"2015-11-20T10:38:31","modified_gmt":"2015-11-20T13:38:31","slug":"secretaria-municipal-de-saude-comeca-campanha-contra-ao-tabagismo-em-belmonte","status":"publish","type":"post","link":"https:\/\/www.maisbn.com\/portal\/2015\/11\/secretaria-municipal-de-saude-comeca-campanha-contra-ao-tabagismo-em-belmonte\/","title":{"rendered":"Secretaria Municipal de Sa\u00fade come\u00e7a campanha contra ao Tabagismo em Belmonte"},"content":{"rendered":"<p><span style=\"color: #000000;\">Come\u00e7ou nessa quinta-feira (19\/11) mais uma campanha realizada pela Secretaria Municipal de Sa\u00fade. Estamos falando da Campanha de Combate ao Tabagismo que est\u00e1 sendo realizado pelas equipes do Posto de Sa\u00fade do Bom Jardim (USFVII).<\/span><\/p>\n<div id=\"attachment_9379\" style=\"width: 660px\" class=\"wp-caption aligncenter\"><a href=\"http:\/\/www.maisbn.com\/portal\/wp-content\/uploads\/2015\/11\/tabagismo00001.jpg\"><img loading=\"lazy\" decoding=\"async\" aria-describedby=\"caption-attachment-9379\" class=\"wp-image-9379 size-full\" src=\"http:\/\/www.maisbn.com\/portal\/wp-content\/uploads\/2015\/11\/tabagismo00001.jpg\" alt=\"tabagismo00001\" width=\"650\" height=\"412\" \/><\/a><p id=\"caption-attachment-9379\" class=\"wp-caption-text\">Primeira Palestra de Combate ao Tabagismo realizada no Posto do Bom Jardim (PSFVII).<\/p><\/div>\n<p><span style=\"color: #000000;\">Nossa equipe acompanhou os trabalhos e fomos bem recebidos pela enfermeira Margareth que nos mostrou como funciona o programa. Margareth nos informou que os trabalhos consistem em quatro sess\u00f5es por m\u00eas que come\u00e7aram nesta quinta-feira (19\/11). Ela comentou que todas as pessoas que est\u00e3o participando do Programa de Combate ao Tabagismo passaram por uma triagem para ver quem iria participar, avaliar a quantidade de cigarros que fuma e a dura\u00e7\u00e3o do tratamento. &#8220;O tratamento est\u00e1 diretamente relacionado \u00e0 quantidade de cigarros que a pessoa fuma por dia. N\u00f3s estamos disponibilizando para essas pessoas a goma de mascar e os adesivos de nicotina que ser\u00e3o distribu\u00eddos pela Farmacinha atrav\u00e9s do farmac\u00eautico Reginaldo, que \u00e9 o respons\u00e1vel pela vinda e libera\u00e7\u00e3o destes medicamentos, bem como, \u00e9 a pessoa que est\u00e1 implantando esse programa no munic\u00edpio.&#8221; &#8211; Comentou Margareth, que est\u00e1 respons\u00e1vel pelas organiza\u00e7\u00f5es das sess\u00f5es.<\/span><\/p>\n<p><span style=\"color: #000000;\">Margareth ainda nos explicou que a unidade contemplada pelo programa foi o Posto do Bom Jardim (USFVIII) e que a unidade est\u00e1 servindo como posto-piloto para o programa. As pessoas que est\u00e3o participando ser\u00e3o acompanhadas por 01 ano e o tratamento pode ir de 08 meses a 01 ano dependendo da quantidade de cigarros que a pessoa fuma. &#8220;Nas sess\u00f5es est\u00e3o sendo disponibilizadas cartilhas sobre o tema e estamos contando com a presen\u00e7a da Psic\u00f3loga Lais do CRAS que nesta primeira sess\u00e3o abordou o tema de abstin\u00eancia e ansiedade. Esses fatores dificultam muito o tratamento dessas pessoas. As prescri\u00e7\u00f5es dos medicamentos est\u00e3o a cargo de Dr. Davi, que est\u00e1 sendo auxiliado pela enfermeira Nicole. \u201d \u2013 Comentou Margareth.<\/span><\/p>\n<p><span style=\"color: #000000;\">Margareth ainda nos informou que a equipe vem procurando de todas as formas poss\u00edveis incentivar essas pessoas a largarem o v\u00edcio e ela acredita que, com os trabalhos que est\u00e3o sendo realizados e a anima\u00e7\u00e3o da equipe, os resultados alcan\u00e7ados ser\u00e3o bastante satisfat\u00f3rios.<\/span><\/p>\n","protected":false},"excerpt":{"rendered":"<p>Come\u00e7ou nessa quinta-feira (19\/11) mais uma campanha realizada pela Secretaria Municipal de Sa\u00fade. Estamos falando da Campanha de Combate ao Tabagismo que est\u00e1 sendo realizado pelas equipes do Posto de Sa\u00fade do Bom Jardim (USFVII). Nossa equipe acompanhou os trabalhos e fomos bem recebidos pela enfermeira Margareth que nos mostrou como funciona o programa. Margareth [&hellip;]<\/p>\n","protected":false},"author":7,"featured_media":9379,"comment_status":"open","ping_status":"open","sticky":false,"template":"","format":"standard","meta":{"footnotes":""},"categories":[1,28],"tags":[108],"class_list":["post-9378","post","type-post","status-publish","format-standard","has-post-thumbnail","hentry","category-noticias","category-saude-noticias","tag-belmonte"],"_links":{"self":[{"href":"https:\/\/www.maisbn.com\/portal\/wp-json\/wp\/v2\/posts\/9378","targetHints":{"allow":["GET"]}}],"collection":[{"href":"https:\/\/www.maisbn.com\/portal\/wp-json\/wp\/v2\/posts"}],"about":[{"href":"https:\/\/www.maisbn.com\/portal\/wp-json\/wp\/v2\/types\/post"}],"author":[{"embeddable":true,"href":"https:\/\/www.maisbn.com\/portal\/wp-json\/wp\/v2\/users\/7"}],"replies":[{"embeddable":true,"href":"https:\/\/www.maisbn.com\/portal\/wp-json\/wp\/v2\/comments?post=9378"}],"version-history":[{"count":1,"href":"https:\/\/www.maisbn.com\/portal\/wp-json\/wp\/v2\/posts\/9378\/revisions"}],"predecessor-version":[{"id":9380,"href":"https:\/\/www.maisbn.com\/portal\/wp-json\/wp\/v2\/posts\/9378\/revisions\/9380"}],"wp:featuredmedia":[{"embeddable":true,"href":"https:\/\/www.maisbn.com\/portal\/wp-json\/wp\/v2\/media\/9379"}],"wp:attachment":[{"href":"https:\/\/www.maisbn.com\/portal\/wp-json\/wp\/v2\/media?parent=9378"}],"wp:term":[{"taxonomy":"category","embeddable":true,"href":"https:\/\/www.maisbn.com\/portal\/wp-json\/wp\/v2\/categories?post=9378"},{"taxonomy":"post_tag","embeddable":true,"href":"https:\/\/www.maisbn.com\/portal\/wp-json\/wp\/v2\/tags?post=9378"}],"curies":[{"name":"wp","href":"https:\/\/api.w.org\/{rel}","templated":true}]}}