{"id":9363,"date":"2015-11-19T11:07:39","date_gmt":"2015-11-19T14:07:39","guid":{"rendered":"http:\/\/www.maisbn.com\/portal\/?p=9363"},"modified":"2015-11-19T11:07:39","modified_gmt":"2015-11-19T14:07:39","slug":"governador-rui-costa-garante-metas-para-duplicacao-da-fabrica-da-veracel","status":"publish","type":"post","link":"https:\/\/www.maisbn.com\/portal\/2015\/11\/governador-rui-costa-garante-metas-para-duplicacao-da-fabrica-da-veracel\/","title":{"rendered":"Governador Rui Costa garante metas para duplica\u00e7\u00e3o da f\u00e1brica da Veracel."},"content":{"rendered":"<div id=\"attachment_9364\" style=\"width: 650px\" class=\"wp-caption aligncenter\"><a href=\"http:\/\/www.maisbn.com\/portal\/wp-content\/uploads\/2015\/11\/veracel_governador.jpg\"><img loading=\"lazy\" decoding=\"async\" aria-describedby=\"caption-attachment-9364\" class=\"size-full wp-image-9364\" src=\"http:\/\/www.maisbn.com\/portal\/wp-content\/uploads\/2015\/11\/veracel_governador.jpg\" alt=\"Governador Rui Costa se re\u00fane com dirigentes da VeracelFoto: Camila Souza\/GOVBA\" width=\"640\" height=\"361\" \/><\/a><p id=\"caption-attachment-9364\" class=\"wp-caption-text\">Governador Rui Costa se re\u00fane com dirigentes da VeracelFoto: Camila Souza\/GOVBA<\/p><\/div>\n<p><span style=\"color: #000000;\">O governador da Bahia, Rui Costa (PT), recebeu na manh\u00e3 desta segunda-feira (16), em Salvador, o presidente da Veracel Celulose S\/A, S\u00e9rgio Al\u00edpio, para tratar da duplica\u00e7\u00e3o da f\u00e1brica em Eun\u00e1polis. A audi\u00eancia, na governadoria, foi solicitada pelo senador Otto Alencar (PSD) e o deputado estadual Rob\u00e9rio Oliveira, do mesmo partido. Tamb\u00e9m estavam presentes o secret\u00e1rio estadual da Ind\u00fastria e Com\u00e9rcio, Jorge Hereda, e outros diretores da empresa, Pedro Cardoso, Renato Carneiro e S\u00e9rgio Borenstein.<\/span><\/p>\n<p><span style=\"color: #000000;\">Durante a audi\u00eancia, o governador garantiu aos diretores da empresa que a Bahia vai cumprir sua obriga\u00e7\u00e3o institucional, garantindo \u00e0 empresa e aos produtores florestais o apoio necess\u00e1rio para a realiza\u00e7\u00e3o de todas as metas acordadas com o Estado a fim de garantir a plenitude das atividades da empresa tanto no setor florestal quanto industrial.<\/span><\/p>\n<p><span style=\"color: #000000;\">Essa garantia \u00e9 tida como fundamental para viabilizar o projeto de duplica\u00e7\u00e3o da f\u00e1brica da Veracel Celulose &#8211; um dos maiores investimentos privados a se realizar no Estado -, que se traduzir\u00e1 em eleva\u00e7\u00e3o da arrecada\u00e7\u00e3o de impostos e gera\u00e7\u00e3o de milhares de empregos diretos e indiretos para toda a regi\u00e3o.<\/span><\/p>\n<p><span style=\"color: #000000;\">A empresa \u00e9 uma das maiores produtoras de celulose da Am\u00e9rica Latina e apesar de j\u00e1 deter o licenciamento ambiental para a duplica\u00e7\u00e3o, o investimento vem sendo adiado por conta de pontuais lit\u00edgios fundi\u00e1rios envolvendo terras pr\u00f3prias e de outros produtores florestais associados.<\/span><\/p>\n<p><span style=\"color: #000000;\">A empresa destinou 16.456 hectares para pactua\u00e7\u00e3o com estes movimentos sociais e que hoje s\u00e3o ocupados por mais de mil fam\u00edlias mediante acordo celebrado em 2012 e que vem sendo cumprido entre as partes. Os diretores da Veracel salientaram que as novas invas\u00f5es referem-se a grupos oriundos de outras regi\u00f5es do estado que tentam pressionar a empresa a ceder novas terras.<\/span><\/p>\n<p><span style=\"color: #000000;\">Quanto a esta quest\u00e3o o Governador assegurou que o estado cumprir\u00e1 seu papel constitucional, viabilizando a atua\u00e7\u00e3o das for\u00e7as p\u00fablicas em apoio a cumprimento de decis\u00f5es judiciais. Rui Costa, prometeu tamb\u00e9m cobrar ao Incra a agiliza\u00e7\u00e3o da regulariza\u00e7\u00e3o da documenta\u00e7\u00e3o do acordo j\u00e1 celebrado dando garantia jur\u00eddica a todos os envolvidos.<\/span><\/p>\n<p><span style=\"color: #000000;\">Com a interven\u00e7\u00e3o do Governador da Bahia espera-se cessar tais focos de invas\u00e3o e garantir esse investimento t\u00e3o esperado e cobrado em todo o sul do estado, colocando a Bahia na lideran\u00e7a nacional da produ\u00e7\u00e3o de celulose.<\/span><\/p>\n","protected":false},"excerpt":{"rendered":"<p>O governador da Bahia, Rui Costa (PT), recebeu na manh\u00e3 desta segunda-feira (16), em Salvador, o presidente da Veracel Celulose S\/A, S\u00e9rgio Al\u00edpio, para tratar da duplica\u00e7\u00e3o da f\u00e1brica em Eun\u00e1polis. A audi\u00eancia, na governadoria, foi solicitada pelo senador Otto Alencar (PSD) e o deputado estadual Rob\u00e9rio Oliveira, do mesmo partido. Tamb\u00e9m estavam presentes o [&hellip;]<\/p>\n","protected":false},"author":7,"featured_media":9364,"comment_status":"open","ping_status":"open","sticky":false,"template":"","format":"standard","meta":{"footnotes":""},"categories":[29,1],"tags":[108],"class_list":["post-9363","post","type-post","status-publish","format-standard","has-post-thumbnail","hentry","category-empreendimentos","category-noticias","tag-belmonte"],"_links":{"self":[{"href":"https:\/\/www.maisbn.com\/portal\/wp-json\/wp\/v2\/posts\/9363","targetHints":{"allow":["GET"]}}],"collection":[{"href":"https:\/\/www.maisbn.com\/portal\/wp-json\/wp\/v2\/posts"}],"about":[{"href":"https:\/\/www.maisbn.com\/portal\/wp-json\/wp\/v2\/types\/post"}],"author":[{"embeddable":true,"href":"https:\/\/www.maisbn.com\/portal\/wp-json\/wp\/v2\/users\/7"}],"replies":[{"embeddable":true,"href":"https:\/\/www.maisbn.com\/portal\/wp-json\/wp\/v2\/comments?post=9363"}],"version-history":[{"count":1,"href":"https:\/\/www.maisbn.com\/portal\/wp-json\/wp\/v2\/posts\/9363\/revisions"}],"predecessor-version":[{"id":9365,"href":"https:\/\/www.maisbn.com\/portal\/wp-json\/wp\/v2\/posts\/9363\/revisions\/9365"}],"wp:featuredmedia":[{"embeddable":true,"href":"https:\/\/www.maisbn.com\/portal\/wp-json\/wp\/v2\/media\/9364"}],"wp:attachment":[{"href":"https:\/\/www.maisbn.com\/portal\/wp-json\/wp\/v2\/media?parent=9363"}],"wp:term":[{"taxonomy":"category","embeddable":true,"href":"https:\/\/www.maisbn.com\/portal\/wp-json\/wp\/v2\/categories?post=9363"},{"taxonomy":"post_tag","embeddable":true,"href":"https:\/\/www.maisbn.com\/portal\/wp-json\/wp\/v2\/tags?post=9363"}],"curies":[{"name":"wp","href":"https:\/\/api.w.org\/{rel}","templated":true}]}}