{"id":9360,"date":"2015-11-19T10:49:01","date_gmt":"2015-11-19T13:49:01","guid":{"rendered":"http:\/\/www.maisbn.com\/portal\/?p=9360"},"modified":"2015-11-19T10:49:01","modified_gmt":"2015-11-19T13:49:01","slug":"ex-comandante-da-caema-assumira-o-comando-do-8o-batalhao-em-porto-seguro-no-proximo-dia-2311","status":"publish","type":"post","link":"https:\/\/www.maisbn.com\/portal\/2015\/11\/ex-comandante-da-caema-assumira-o-comando-do-8o-batalhao-em-porto-seguro-no-proximo-dia-2311\/","title":{"rendered":"Ex-comandante da CAEMA assumir\u00e1 o comando do 8\u00ba Batalh\u00e3o em Porto Seguro no pr\u00f3ximo dia 23\/11."},"content":{"rendered":"<p><a href=\"http:\/\/www.maisbn.com\/portal\/wp-content\/uploads\/2015\/11\/major_franca.jpg\"><img loading=\"lazy\" decoding=\"async\" class=\"aligncenter size-full wp-image-9361\" src=\"http:\/\/www.maisbn.com\/portal\/wp-content\/uploads\/2015\/11\/major_franca.jpg\" alt=\"major_franca\" width=\"712\" height=\"401\" \/><\/a><\/p>\n<p><span style=\"color: #000000;\">A partir da pr\u00f3xima segunda-feira (23\/11) o 8\u00ba Batalh\u00e3o de Policia Militar em Porto Seguro ter\u00e1 um novo comando. Estamos falando da nomea\u00e7\u00e3o do Major Anacleto Fran\u00e7a publicada no Di\u00e1rio Oficial do Estado desta quarta-feira (18\/11). A cerim\u00f4nia de passagem de comando est\u00e1 marcada para \u00e0s 16:00Hrs na sede da unidade.<br \/>\n<\/span><\/p>\n<p><span style=\"color: #000000;\">O oficial da PM deixa, com isso, o comando da Companhia Independente de Policiamento Especializado &#8211; Mata Atl\u00e2ntica [Cipe Mata Atl\u00e2ntica], mas conhecida na regi\u00e3o pela sigla CAEMA,\u00a0 fun\u00e7\u00e3o que exerceu por mais de dois anos e meio.<\/span><\/p>\n<p><span style=\"color: #000000;\">Na mesma edi\u00e7\u00e3o do di\u00e1rio, foi publicada a exonera\u00e7\u00e3o do major Carlos Humberto da Silva Moreira do comando do 8\u00ba Batalh\u00e3o. Ele havia assumido o cargo\u00a0h\u00e1 dois meses. O comando da Pol\u00edcia Militar baiana ainda n\u00e3o informou para qual batalh\u00e3o ou companhia independente ser\u00e1 designado o major Carlos Humberto, tamb\u00e9m divulgou o nome de quem deve assumir o comando da Cipe Mata Atl\u00e2ntica.<\/span><\/p>\n<p><span style=\"color: #000000;\">Tido como um dos oficiais mais operacionais da Pol\u00edcia Militar no estado, o major Anacleto Fran\u00e7a, enquanto no comando da Cipe Mata Atl\u00e2ntica, esteve \u00e0 frente de grandes opera\u00e7\u00f5es contra o crime organizado, principalmente no munic\u00edpio de Porto Seguro. O major Anacleto tamb\u00e9m j\u00e1 foi comandante da 7\u00aa CIPM em Eun\u00e1polis.<\/span><\/p>\n","protected":false},"excerpt":{"rendered":"<p>A partir da pr\u00f3xima segunda-feira (23\/11) o 8\u00ba Batalh\u00e3o de Policia Militar em Porto Seguro ter\u00e1 um novo comando. Estamos falando da nomea\u00e7\u00e3o do Major Anacleto Fran\u00e7a publicada no Di\u00e1rio Oficial do Estado desta quarta-feira (18\/11). A cerim\u00f4nia de passagem de comando est\u00e1 marcada para \u00e0s 16:00Hrs na sede da unidade. O oficial da PM [&hellip;]<\/p>\n","protected":false},"author":7,"featured_media":9361,"comment_status":"open","ping_status":"open","sticky":false,"template":"","format":"standard","meta":{"footnotes":""},"categories":[1,16],"tags":[108],"class_list":["post-9360","post","type-post","status-publish","format-standard","has-post-thumbnail","hentry","category-noticias","category-policial","tag-belmonte"],"_links":{"self":[{"href":"https:\/\/www.maisbn.com\/portal\/wp-json\/wp\/v2\/posts\/9360","targetHints":{"allow":["GET"]}}],"collection":[{"href":"https:\/\/www.maisbn.com\/portal\/wp-json\/wp\/v2\/posts"}],"about":[{"href":"https:\/\/www.maisbn.com\/portal\/wp-json\/wp\/v2\/types\/post"}],"author":[{"embeddable":true,"href":"https:\/\/www.maisbn.com\/portal\/wp-json\/wp\/v2\/users\/7"}],"replies":[{"embeddable":true,"href":"https:\/\/www.maisbn.com\/portal\/wp-json\/wp\/v2\/comments?post=9360"}],"version-history":[{"count":1,"href":"https:\/\/www.maisbn.com\/portal\/wp-json\/wp\/v2\/posts\/9360\/revisions"}],"predecessor-version":[{"id":9362,"href":"https:\/\/www.maisbn.com\/portal\/wp-json\/wp\/v2\/posts\/9360\/revisions\/9362"}],"wp:featuredmedia":[{"embeddable":true,"href":"https:\/\/www.maisbn.com\/portal\/wp-json\/wp\/v2\/media\/9361"}],"wp:attachment":[{"href":"https:\/\/www.maisbn.com\/portal\/wp-json\/wp\/v2\/media?parent=9360"}],"wp:term":[{"taxonomy":"category","embeddable":true,"href":"https:\/\/www.maisbn.com\/portal\/wp-json\/wp\/v2\/categories?post=9360"},{"taxonomy":"post_tag","embeddable":true,"href":"https:\/\/www.maisbn.com\/portal\/wp-json\/wp\/v2\/tags?post=9360"}],"curies":[{"name":"wp","href":"https:\/\/api.w.org\/{rel}","templated":true}]}}