{"id":9339,"date":"2015-11-18T13:14:07","date_gmt":"2015-11-18T16:14:07","guid":{"rendered":"http:\/\/www.maisbn.com\/portal\/?p=9339"},"modified":"2015-11-18T13:14:07","modified_gmt":"2015-11-18T16:14:07","slug":"policia-militar-realiza-operacao-e-prende-acusado-de-homicidio-em-belmonte","status":"publish","type":"post","link":"https:\/\/www.maisbn.com\/portal\/2015\/11\/policia-militar-realiza-operacao-e-prende-acusado-de-homicidio-em-belmonte\/","title":{"rendered":"Policia Militar realiza opera\u00e7\u00e3o e prende acusado de homic\u00eddio em Belmonte."},"content":{"rendered":"<p><span style=\"color: #000000;\">Uma a\u00e7\u00e3o realizada por policiais do 8\u00baBPM\/5\u00aaCIA Belmonte tirou das ruas da cidade mais um meliante que aterrorizava a popula\u00e7\u00e3o. Estamos falando da pris\u00e3o do elemento de 18 anos de idade identificado pelo nome de\u00a0 Sivaldo Costa Cruz, vulgo Bujeguinha. <\/span><\/p>\n<p><a href=\"http:\/\/www.maisbn.com\/portal\/wp-content\/uploads\/2015\/11\/bujeguinha_preso-e1447862920438.jpg\"><img loading=\"lazy\" decoding=\"async\" class=\"aligncenter wp-image-9340 size-full\" src=\"http:\/\/www.maisbn.com\/portal\/wp-content\/uploads\/2015\/11\/bujeguinha_preso-e1447863043995.jpg\" alt=\"bujeguinha_preso\" width=\"488\" height=\"514\" \/><\/a><\/p>\n<p><span style=\"color: #000000;\">O fato aconteceu por volta das 10:00Hrs quando os citados policiais faziam ronda no bairro da Visgueira. A guarni\u00e7\u00e3o informou que avistou Bujeguinha andando pelas ruas do bairro e em uma a\u00e7\u00e3o r\u00e1pida conseguiu capturar o mesmo impedindo que ele empreendesse fuga.<\/span><\/p>\n<p><span style=\"color: #000000;\">Bujeguinha j\u00e1 tem mandado de pris\u00e3o expedido por participar de um homic\u00eddio na cidade e vinha tocando o terror ao lado de outros indiv\u00edduos que tamb\u00e9m s\u00e3o procurados pelas autoridades policiais. As informa\u00e7\u00f5es constam que Bujeguinha dever\u00e1 ser transferido para o pres\u00eddio de Eun\u00e1polis ainda essa semana.<\/span><\/p>\n","protected":false},"excerpt":{"rendered":"<p>Uma a\u00e7\u00e3o realizada por policiais do 8\u00baBPM\/5\u00aaCIA Belmonte tirou das ruas da cidade mais um meliante que aterrorizava a popula\u00e7\u00e3o. Estamos falando da pris\u00e3o do elemento de 18 anos de idade identificado pelo nome de\u00a0 Sivaldo Costa Cruz, vulgo Bujeguinha. O fato aconteceu por volta das 10:00Hrs quando os citados policiais faziam ronda no bairro [&hellip;]<\/p>\n","protected":false},"author":7,"featured_media":9340,"comment_status":"open","ping_status":"open","sticky":false,"template":"","format":"standard","meta":{"footnotes":""},"categories":[1,16],"tags":[108],"class_list":["post-9339","post","type-post","status-publish","format-standard","has-post-thumbnail","hentry","category-noticias","category-policial","tag-belmonte"],"_links":{"self":[{"href":"https:\/\/www.maisbn.com\/portal\/wp-json\/wp\/v2\/posts\/9339","targetHints":{"allow":["GET"]}}],"collection":[{"href":"https:\/\/www.maisbn.com\/portal\/wp-json\/wp\/v2\/posts"}],"about":[{"href":"https:\/\/www.maisbn.com\/portal\/wp-json\/wp\/v2\/types\/post"}],"author":[{"embeddable":true,"href":"https:\/\/www.maisbn.com\/portal\/wp-json\/wp\/v2\/users\/7"}],"replies":[{"embeddable":true,"href":"https:\/\/www.maisbn.com\/portal\/wp-json\/wp\/v2\/comments?post=9339"}],"version-history":[{"count":1,"href":"https:\/\/www.maisbn.com\/portal\/wp-json\/wp\/v2\/posts\/9339\/revisions"}],"predecessor-version":[{"id":9341,"href":"https:\/\/www.maisbn.com\/portal\/wp-json\/wp\/v2\/posts\/9339\/revisions\/9341"}],"wp:featuredmedia":[{"embeddable":true,"href":"https:\/\/www.maisbn.com\/portal\/wp-json\/wp\/v2\/media\/9340"}],"wp:attachment":[{"href":"https:\/\/www.maisbn.com\/portal\/wp-json\/wp\/v2\/media?parent=9339"}],"wp:term":[{"taxonomy":"category","embeddable":true,"href":"https:\/\/www.maisbn.com\/portal\/wp-json\/wp\/v2\/categories?post=9339"},{"taxonomy":"post_tag","embeddable":true,"href":"https:\/\/www.maisbn.com\/portal\/wp-json\/wp\/v2\/tags?post=9339"}],"curies":[{"name":"wp","href":"https:\/\/api.w.org\/{rel}","templated":true}]}}