{"id":9335,"date":"2015-11-16T18:57:32","date_gmt":"2015-11-16T21:57:32","guid":{"rendered":"http:\/\/www.maisbn.com\/portal\/?p=9335"},"modified":"2015-11-16T18:57:32","modified_gmt":"2015-11-16T21:57:32","slug":"deputado-defende-veracel-e-diz-que-invasao-de-terras-esta-atrapalhando-o-desenvolvimento-da-bahia","status":"publish","type":"post","link":"https:\/\/www.maisbn.com\/portal\/2015\/11\/deputado-defende-veracel-e-diz-que-invasao-de-terras-esta-atrapalhando-o-desenvolvimento-da-bahia\/","title":{"rendered":"Deputado defende Veracel e diz que invas\u00e3o de terras est\u00e1 atrapalhando o desenvolvimento da Bahia."},"content":{"rendered":"<p><a href=\"http:\/\/www.maisbn.com\/portal\/wp-content\/uploads\/2015\/11\/jose-carlos-aleluia.jpg\"><img loading=\"lazy\" decoding=\"async\" class=\"aligncenter size-full wp-image-9336\" src=\"http:\/\/www.maisbn.com\/portal\/wp-content\/uploads\/2015\/11\/jose-carlos-aleluia.jpg\" alt=\"jose-carlos-aleluia\" width=\"500\" height=\"332\" \/><\/a><\/p>\n<p><span style=\"color: #000000;\">\u201cA bandidagem travestida de movimento de sem terras continua a invadir \u00e1reas produtivas na Bahia e o governo do PT n\u00e3o toma provid\u00eancias\u201d, denuncia o deputado federal Jos\u00e9 Carlos Aleluia. Presidente estadual do Democratas, o parlamentar assinala o absurdo que ocorre no extremo sul do estado: \u201cEm Eun\u00e1polis, a Veracel, que gera milhares de\u00a0 empregos e injeta milh\u00f5es de reais na economia regional, j\u00e1 amea\u00e7a at\u00e9 desativar a produ\u00e7\u00e3o de celulose diante das frequentes e impunes invas\u00f5es \u00e0s \u00e1reas de plantio\u201d.<\/span><\/p>\n<p><span style=\"color: #000000;\">Aleluia informa\u00a0que, ainda na gest\u00e3o do ex-governador Jaques Wagner, houve um acordo no qual a Veracel cedeu 16 mil hectares para o assentamento de fam\u00edlias com o compromisso de o governo tomar medidas para impedir as ilegais invas\u00f5es. \u201cMas o que se tem visto de l\u00e1 pra c\u00e1 \u00e9 a continuidade das invas\u00f5es em mais de 11 mil hectares, com o governo petista dificultando at\u00e9 as decis\u00f5es judiciais de reintegra\u00e7\u00e3o de posse\u201d.<\/span><\/p>\n<p><span style=\"color: #000000;\">De acordo com o l\u00edder democrata, a inseguran\u00e7a jur\u00eddica e fundi\u00e1ria na regi\u00e3o j\u00e1 impediu a duplica\u00e7\u00e3o da planta da Veracel em Eun\u00e1polis, o que traria mais empregos e fortaleceria ainda mais a economia regional num momento em que o pa\u00eds passa pela pior crise da hist\u00f3ria, causada pelas barbeiragens da presidente Dilma Rousseff. \u201c\u00c9 inadmiss\u00edvel que o governo de Rui de Dilma espante investimentos t\u00e3o necess\u00e1rios ao desenvolvimento da Bahia. Ser\u00e1 que j\u00e1 n\u00e3o basta o legado petista da viol\u00eancia desenfreada em todo o nosso estado?\u201d, indaga Aleluia.<\/span><\/p>\n<p>&nbsp;<\/p>\n","protected":false},"excerpt":{"rendered":"<p>\u201cA bandidagem travestida de movimento de sem terras continua a invadir \u00e1reas produtivas na Bahia e o governo do PT n\u00e3o toma provid\u00eancias\u201d, denuncia o deputado federal Jos\u00e9 Carlos Aleluia. Presidente estadual do Democratas, o parlamentar assinala o absurdo que ocorre no extremo sul do estado: \u201cEm Eun\u00e1polis, a Veracel, que gera milhares de\u00a0 empregos [&hellip;]<\/p>\n","protected":false},"author":7,"featured_media":9336,"comment_status":"open","ping_status":"open","sticky":false,"template":"","format":"standard","meta":{"footnotes":""},"categories":[1,7],"tags":[108],"class_list":["post-9335","post","type-post","status-publish","format-standard","has-post-thumbnail","hentry","category-noticias","category-politica","tag-belmonte"],"_links":{"self":[{"href":"https:\/\/www.maisbn.com\/portal\/wp-json\/wp\/v2\/posts\/9335","targetHints":{"allow":["GET"]}}],"collection":[{"href":"https:\/\/www.maisbn.com\/portal\/wp-json\/wp\/v2\/posts"}],"about":[{"href":"https:\/\/www.maisbn.com\/portal\/wp-json\/wp\/v2\/types\/post"}],"author":[{"embeddable":true,"href":"https:\/\/www.maisbn.com\/portal\/wp-json\/wp\/v2\/users\/7"}],"replies":[{"embeddable":true,"href":"https:\/\/www.maisbn.com\/portal\/wp-json\/wp\/v2\/comments?post=9335"}],"version-history":[{"count":1,"href":"https:\/\/www.maisbn.com\/portal\/wp-json\/wp\/v2\/posts\/9335\/revisions"}],"predecessor-version":[{"id":9337,"href":"https:\/\/www.maisbn.com\/portal\/wp-json\/wp\/v2\/posts\/9335\/revisions\/9337"}],"wp:featuredmedia":[{"embeddable":true,"href":"https:\/\/www.maisbn.com\/portal\/wp-json\/wp\/v2\/media\/9336"}],"wp:attachment":[{"href":"https:\/\/www.maisbn.com\/portal\/wp-json\/wp\/v2\/media?parent=9335"}],"wp:term":[{"taxonomy":"category","embeddable":true,"href":"https:\/\/www.maisbn.com\/portal\/wp-json\/wp\/v2\/categories?post=9335"},{"taxonomy":"post_tag","embeddable":true,"href":"https:\/\/www.maisbn.com\/portal\/wp-json\/wp\/v2\/tags?post=9335"}],"curies":[{"name":"wp","href":"https:\/\/api.w.org\/{rel}","templated":true}]}}