{"id":9248,"date":"2015-11-09T09:37:13","date_gmt":"2015-11-09T12:37:13","guid":{"rendered":"http:\/\/www.maisbn.com\/portal\/?p=9248"},"modified":"2015-11-09T09:37:13","modified_gmt":"2015-11-09T12:37:13","slug":"fontes-informam-que-a-empresa-veracel-pode-desistir-novamente-da-ampliacao-de-sua-fabrica","status":"publish","type":"post","link":"https:\/\/www.maisbn.com\/portal\/2015\/11\/fontes-informam-que-a-empresa-veracel-pode-desistir-novamente-da-ampliacao-de-sua-fabrica\/","title":{"rendered":"Fontes informam que a empresa Veracel pode desistir novamente da amplia\u00e7\u00e3o de sua f\u00e1brica."},"content":{"rendered":"<p><a href=\"http:\/\/www.maisbn.com\/portal\/wp-content\/uploads\/2014\/11\/veracel_fabrica.jpg\"><img loading=\"lazy\" decoding=\"async\" class=\"aligncenter size-full wp-image-6410\" src=\"http:\/\/www.maisbn.com\/portal\/wp-content\/uploads\/2014\/11\/veracel_fabrica.jpg\" alt=\"Veracel em Janeiro 2007\" width=\"640\" height=\"278\" \/><\/a><\/p>\n<p><span style=\"color: #000000;\">O site Bahia 40 Graus vem trazendo na manh\u00e3 desta segunda-feira (09\/11) uma not\u00edcia preocupante para o cen\u00e1rio econ\u00f4mico do extremo sul baiano. Estamos falando da possibilidade de desist\u00eancia da amplia\u00e7\u00e3o da F\u00e1brica da Veracel aventada pela diretoria da empresa.<\/span><\/p>\n<p><span style=\"color: #000000;\">O site cita que uma fonte de confian\u00e7a acusou os conflitos no campo e as a\u00e7\u00f5es de vandalismo que destroem o plantio por parte de novos movimentos sociais surgidos ap\u00f3s o MST como principais fatores que vem pesando contra a duplica\u00e7\u00e3o da f\u00e1brica.<\/span><\/p>\n<p><span style=\"color: #000000;\">A falta de a\u00e7\u00e3o do governo estadual para dar seguran\u00e7a jur\u00eddica, pol\u00edtica e operacional ao projeto da Veracel tem deixado os dirigentes internacionais da empresa indecisos quanto ao investimento na duplica\u00e7\u00e3o da f\u00e1brica na regi\u00e3o, uma vez que eles precisam mostrar aos s\u00f3cios um cen\u00e1rio favor\u00e1vel para o investimento, que ajudaria em muito a economia eunapolitana e regional a atravessar a conjuntura de recess\u00e3o que o Pa\u00eds est\u00e1 mergulhando.<\/span><\/p>\n<p>&nbsp;<\/p>\n","protected":false},"excerpt":{"rendered":"<p>O site Bahia 40 Graus vem trazendo na manh\u00e3 desta segunda-feira (09\/11) uma not\u00edcia preocupante para o cen\u00e1rio econ\u00f4mico do extremo sul baiano. Estamos falando da possibilidade de desist\u00eancia da amplia\u00e7\u00e3o da F\u00e1brica da Veracel aventada pela diretoria da empresa. O site cita que uma fonte de confian\u00e7a acusou os conflitos no campo e as [&hellip;]<\/p>\n","protected":false},"author":7,"featured_media":6410,"comment_status":"open","ping_status":"open","sticky":false,"template":"","format":"standard","meta":{"footnotes":""},"categories":[29,1],"tags":[108],"class_list":["post-9248","post","type-post","status-publish","format-standard","has-post-thumbnail","hentry","category-empreendimentos","category-noticias","tag-belmonte"],"_links":{"self":[{"href":"https:\/\/www.maisbn.com\/portal\/wp-json\/wp\/v2\/posts\/9248","targetHints":{"allow":["GET"]}}],"collection":[{"href":"https:\/\/www.maisbn.com\/portal\/wp-json\/wp\/v2\/posts"}],"about":[{"href":"https:\/\/www.maisbn.com\/portal\/wp-json\/wp\/v2\/types\/post"}],"author":[{"embeddable":true,"href":"https:\/\/www.maisbn.com\/portal\/wp-json\/wp\/v2\/users\/7"}],"replies":[{"embeddable":true,"href":"https:\/\/www.maisbn.com\/portal\/wp-json\/wp\/v2\/comments?post=9248"}],"version-history":[{"count":1,"href":"https:\/\/www.maisbn.com\/portal\/wp-json\/wp\/v2\/posts\/9248\/revisions"}],"predecessor-version":[{"id":9249,"href":"https:\/\/www.maisbn.com\/portal\/wp-json\/wp\/v2\/posts\/9248\/revisions\/9249"}],"wp:featuredmedia":[{"embeddable":true,"href":"https:\/\/www.maisbn.com\/portal\/wp-json\/wp\/v2\/media\/6410"}],"wp:attachment":[{"href":"https:\/\/www.maisbn.com\/portal\/wp-json\/wp\/v2\/media?parent=9248"}],"wp:term":[{"taxonomy":"category","embeddable":true,"href":"https:\/\/www.maisbn.com\/portal\/wp-json\/wp\/v2\/categories?post=9248"},{"taxonomy":"post_tag","embeddable":true,"href":"https:\/\/www.maisbn.com\/portal\/wp-json\/wp\/v2\/tags?post=9248"}],"curies":[{"name":"wp","href":"https:\/\/api.w.org\/{rel}","templated":true}]}}