{"id":9229,"date":"2015-11-07T06:40:24","date_gmt":"2015-11-07T09:40:24","guid":{"rendered":"http:\/\/www.maisbn.com\/portal\/?p=9229"},"modified":"2015-11-07T06:45:34","modified_gmt":"2015-11-07T09:45:34","slug":"prefeita-alice-e-aplb-belmonte-se-reunem-para-discutir-melhorias-para-os-profissionais-da-educacao-municipal","status":"publish","type":"post","link":"https:\/\/www.maisbn.com\/portal\/2015\/11\/prefeita-alice-e-aplb-belmonte-se-reunem-para-discutir-melhorias-para-os-profissionais-da-educacao-municipal\/","title":{"rendered":"Prefeita Alice e APLB-Belmonte se re\u00fanem para discutir melhorias para os profissionais da educa\u00e7\u00e3o municipal."},"content":{"rendered":"<p><a href=\"http:\/\/www.maisbn.com\/portal\/wp-content\/uploads\/2015\/11\/reunia_aplb.jpg\"><img loading=\"lazy\" decoding=\"async\" class=\"aligncenter size-full wp-image-9237\" src=\"http:\/\/www.maisbn.com\/portal\/wp-content\/uploads\/2015\/11\/reunia_aplb.jpg\" alt=\"reunia_aplb\" width=\"960\" height=\"540\" \/><\/a><\/p>\n<p><span style=\"color: #000000;\">Aconteceu na \u00faltima ter\u00e7a-feira (03\/11) uma reuni\u00e3o entre a Prefeita Alice Britto e a diretoria da APLB-Belmonte para se discutir as reivindica\u00e7\u00f5es dos servidores da educa\u00e7\u00e3o.<\/span><\/p>\n<p><span style=\"color: #000000;\">Um dos assuntos que se teve mais discuss\u00e3o na reuni\u00e3o foi a dificuldade que a atual gest\u00e3o est\u00e1 tendo para se determinar uma data precisa para a efetua\u00e7\u00e3o dos pagamentos dos servidores. Os diretores Rodrigo Martins e Rog\u00e9rio Bahia expuseram para a Prefeita Alice Britto\u00a0 que era preciso regularizar uma data \u00fanica para todos os trabalhadores da educa\u00e7\u00e3o e que a gestora tinha que se esfor\u00e7ar para que essa data fosse respeitada porque os atrasos estavam causando instabilidade na vida financeira dos servidores que ficavam aflitos sem ter uma data certa para pagar as suas contas. &#8220;N\u00f3s precisamos de uma posi\u00e7\u00e3o firme da atual gest\u00e3o porque os servidores est\u00e3o sofrendo e tem que receber em dia para quitar as suas d\u00edvidas. Sabemos que existe a crise, mas temos que defender os interesses da categoria que, por sinal, est\u00e1 insatisfeita e exige uma solu\u00e7\u00e3o para a situa\u00e7\u00e3o.&#8221; &#8211; Comentou Rodrigo Martins.<\/span><\/p>\n<p><span style=\"color: #000000;\">Outro ponto tamb\u00e9m debatido foi o enquadramento dos professores de 20 horas para 40 horas e a redu\u00e7\u00e3o da carga hor\u00e1ria em 1\/3 para que os professores possam efetuar o planejamento das aulas dentro das horas citadas livrando os mesmos de serem obrigados a fazer tais procedimentos em casa no seu dia de folga. <\/span><\/p>\n<p><span style=\"color: #000000;\">Tamb\u00e9m foi discutido a reformula\u00e7\u00e3o do plano de carreira da categoria visando a valoriza\u00e7\u00e3o e o incentivo dos profissionais da educa\u00e7\u00e3o municipal.<\/span><\/p>\n<p><span style=\"color: #000000;\">Outro assunto importante citado foi a quest\u00e3o do 13\u00ba sal\u00e1rio e os diretores comentaram para a Prefeita Alice Britto que estavam muito preocupados com a eventual dificuldade da atual gest\u00e3o de quitar esse pagamento. Eles informaram que queriam que a Prefeita Alice Britto cumprisse o acordo de se pagar a primeira parte do benef\u00edcio no dia 30 de novembro e a segunda no dia 20 de dezembro.<\/span><\/p>\n<p><span style=\"color: #000000;\">A Prefeita Alice Britto ouviu as palavras da dire\u00e7\u00e3o da entidade e respondeu que est\u00e1 atenta aos problemas citados e que sua gest\u00e3o j\u00e1 come\u00e7ou a implementa\u00e7\u00e3o de medidas para adequar as finan\u00e7as da Prefeitura \u00e0 nova realidade. Alice comentou com os diretores que ela est\u00e1 tendo dificuldades porque os repasses vindos dos governos federal e estadual est\u00e3o vindo bastante reduzidos. A gestora ainda revelou que a situa\u00e7\u00e3o dos sal\u00e1rios em pouco tempo estar\u00e1 resolvida e que honrar\u00e1 o compromisso de pagar o 13\u00ba aos servidores. &#8221; N\u00f3s passamos por uma situa\u00e7\u00e3o dif\u00edcil e isso n\u00e3o podemos negar, mas eu e minha equipe estamos focada em sanar os problemas financeiros da cidade.&#8221; &#8211; Comentou Alice Britto.<\/span><\/p>\n<p><span style=\"color: #000000;\">A diretoria da APLB-Belmonte analisou que os resultados da reuni\u00e3o foram positivos e que continua aberta a negociar com a atual gest\u00e3o melhorias para a categoria. Perguntado sobre as cr\u00edticas que o mesmo tem sofrido, Rodrigo Martins informou que o objetivo da diretoria n\u00e3o \u00e9 discutir pol\u00edtica, e sim, melhorias para os servidores e que isso s\u00f3 pode ser discutido com quem est\u00e1 na gest\u00e3o. &#8220;Nossa pauta \u00e9 clara e n\u00f3s defendemos os servidores. A nossa reuni\u00e3o focada nesse item e pol\u00edtica nesse momento \u00e9 o que menos importa.&#8221; &#8211; Comentou Rodrigo.<\/span><\/p>\n<p><span style=\"color: #000000;\">A diretoria da APLB-Belmonte informou para a nossa equipe que estar\u00e1 no pr\u00f3ximo dia 09\/11 \u00e0s 15:00Hrs realizando uma assembleia com os associados para revelar o conte\u00fado da reuni\u00e3o e discutir com a categoria os assuntos abordados.<\/span><\/p>\n<p>&nbsp;<\/p>\n","protected":false},"excerpt":{"rendered":"<p>Aconteceu na \u00faltima ter\u00e7a-feira (03\/11) uma reuni\u00e3o entre a Prefeita Alice Britto e a diretoria da APLB-Belmonte para se discutir as reivindica\u00e7\u00f5es dos servidores da educa\u00e7\u00e3o. Um dos assuntos que se teve mais discuss\u00e3o na reuni\u00e3o foi a dificuldade que a atual gest\u00e3o est\u00e1 tendo para se determinar uma data precisa para a efetua\u00e7\u00e3o dos [&hellip;]<\/p>\n","protected":false},"author":7,"featured_media":9237,"comment_status":"open","ping_status":"open","sticky":false,"template":"","format":"standard","meta":{"footnotes":""},"categories":[8,1],"tags":[108],"class_list":["post-9229","post","type-post","status-publish","format-standard","has-post-thumbnail","hentry","category-educacao","category-noticias","tag-belmonte"],"_links":{"self":[{"href":"https:\/\/www.maisbn.com\/portal\/wp-json\/wp\/v2\/posts\/9229","targetHints":{"allow":["GET"]}}],"collection":[{"href":"https:\/\/www.maisbn.com\/portal\/wp-json\/wp\/v2\/posts"}],"about":[{"href":"https:\/\/www.maisbn.com\/portal\/wp-json\/wp\/v2\/types\/post"}],"author":[{"embeddable":true,"href":"https:\/\/www.maisbn.com\/portal\/wp-json\/wp\/v2\/users\/7"}],"replies":[{"embeddable":true,"href":"https:\/\/www.maisbn.com\/portal\/wp-json\/wp\/v2\/comments?post=9229"}],"version-history":[{"count":2,"href":"https:\/\/www.maisbn.com\/portal\/wp-json\/wp\/v2\/posts\/9229\/revisions"}],"predecessor-version":[{"id":9238,"href":"https:\/\/www.maisbn.com\/portal\/wp-json\/wp\/v2\/posts\/9229\/revisions\/9238"}],"wp:featuredmedia":[{"embeddable":true,"href":"https:\/\/www.maisbn.com\/portal\/wp-json\/wp\/v2\/media\/9237"}],"wp:attachment":[{"href":"https:\/\/www.maisbn.com\/portal\/wp-json\/wp\/v2\/media?parent=9229"}],"wp:term":[{"taxonomy":"category","embeddable":true,"href":"https:\/\/www.maisbn.com\/portal\/wp-json\/wp\/v2\/categories?post=9229"},{"taxonomy":"post_tag","embeddable":true,"href":"https:\/\/www.maisbn.com\/portal\/wp-json\/wp\/v2\/tags?post=9229"}],"curies":[{"name":"wp","href":"https:\/\/api.w.org\/{rel}","templated":true}]}}