{"id":9158,"date":"2015-10-29T10:32:47","date_gmt":"2015-10-29T13:32:47","guid":{"rendered":"http:\/\/www.maisbn.com\/portal\/?p=9158"},"modified":"2015-10-29T10:32:47","modified_gmt":"2015-10-29T13:32:47","slug":"veracel-celulose-divulga-vaga-para-trabalhador-de-inventario-florestal","status":"publish","type":"post","link":"https:\/\/www.maisbn.com\/portal\/2015\/10\/veracel-celulose-divulga-vaga-para-trabalhador-de-inventario-florestal\/","title":{"rendered":"Veracel Celulose divulga vaga para trabalhador de Invent\u00e1rio Florestal."},"content":{"rendered":"<p><a href=\"http:\/\/www.maisbn.com\/portal\/wp-content\/uploads\/2015\/05\/emprego-ilustra.jpg\"><img loading=\"lazy\" decoding=\"async\" class=\"aligncenter size-full wp-image-7685\" src=\"http:\/\/www.maisbn.com\/portal\/wp-content\/uploads\/2015\/05\/emprego-ilustra.jpg\" alt=\"emprego-ilustra\" width=\"600\" height=\"400\" \/><\/a><\/p>\n<p><span style=\"color: #000000;\">A vaga \u00e9 para profissional com ensino m\u00e9dio completo. \u00a0Viv\u00eancia com invent\u00e1rio florestal, em atividades rurais e forma\u00e7\u00e3o em opera\u00e7\u00e3o de motosserra s\u00e3o considerados fatores diferenciais.<\/span><u><\/u><u><\/u><\/p>\n<p><span style=\"color: #000000;\">Os detalhes da vaga est\u00e3o dispon\u00edveis no site<\/span> <b><u><a href=\"http:\/\/www.veracel.com.br\" target=\"_blank\">www.veracel.com.br<\/a>.<\/u><\/b> <u><\/u><u><\/u><\/p>\n<p><span style=\"color: #000000;\">Acesse o site e localize a op\u00e7\u00e3o Trabalhe Conosco \u2013&gt; Cadastre o seu curr\u00edculo \u2013 Acesse Conhe\u00e7a as nossas vagas \u2013 Clique no t\u00edtulo e ter\u00e1 o acesso \u00e0s informa\u00e7\u00f5es das vagas oferecidas e como candidatar-se. A candidatura \u00e0 vaga s\u00f3 \u00e9 poss\u00edvel ap\u00f3s o cadastro das informa\u00e7\u00f5es no site. <u><\/u><u><\/u><\/span><\/p>\n<p><span style=\"color: #000000;\"><b>O cadastro do curr\u00edculo deve ser feito at\u00e9 o dia 06\/11\/2015.<\/b><\/span><\/p>\n","protected":false},"excerpt":{"rendered":"<p>A vaga \u00e9 para profissional com ensino m\u00e9dio completo. \u00a0Viv\u00eancia com invent\u00e1rio florestal, em atividades rurais e forma\u00e7\u00e3o em opera\u00e7\u00e3o de motosserra s\u00e3o considerados fatores diferenciais. Os detalhes da vaga est\u00e3o dispon\u00edveis no site www.veracel.com.br. Acesse o site e localize a op\u00e7\u00e3o Trabalhe Conosco \u2013&gt; Cadastre o seu curr\u00edculo \u2013 Acesse Conhe\u00e7a as nossas vagas [&hellip;]<\/p>\n","protected":false},"author":7,"featured_media":7685,"comment_status":"open","ping_status":"open","sticky":false,"template":"","format":"standard","meta":{"footnotes":""},"categories":[9,1],"tags":[108],"class_list":["post-9158","post","type-post","status-publish","format-standard","has-post-thumbnail","hentry","category-concursos-oportunidades","category-noticias","tag-belmonte"],"_links":{"self":[{"href":"https:\/\/www.maisbn.com\/portal\/wp-json\/wp\/v2\/posts\/9158","targetHints":{"allow":["GET"]}}],"collection":[{"href":"https:\/\/www.maisbn.com\/portal\/wp-json\/wp\/v2\/posts"}],"about":[{"href":"https:\/\/www.maisbn.com\/portal\/wp-json\/wp\/v2\/types\/post"}],"author":[{"embeddable":true,"href":"https:\/\/www.maisbn.com\/portal\/wp-json\/wp\/v2\/users\/7"}],"replies":[{"embeddable":true,"href":"https:\/\/www.maisbn.com\/portal\/wp-json\/wp\/v2\/comments?post=9158"}],"version-history":[{"count":1,"href":"https:\/\/www.maisbn.com\/portal\/wp-json\/wp\/v2\/posts\/9158\/revisions"}],"predecessor-version":[{"id":9159,"href":"https:\/\/www.maisbn.com\/portal\/wp-json\/wp\/v2\/posts\/9158\/revisions\/9159"}],"wp:featuredmedia":[{"embeddable":true,"href":"https:\/\/www.maisbn.com\/portal\/wp-json\/wp\/v2\/media\/7685"}],"wp:attachment":[{"href":"https:\/\/www.maisbn.com\/portal\/wp-json\/wp\/v2\/media?parent=9158"}],"wp:term":[{"taxonomy":"category","embeddable":true,"href":"https:\/\/www.maisbn.com\/portal\/wp-json\/wp\/v2\/categories?post=9158"},{"taxonomy":"post_tag","embeddable":true,"href":"https:\/\/www.maisbn.com\/portal\/wp-json\/wp\/v2\/tags?post=9158"}],"curies":[{"name":"wp","href":"https:\/\/api.w.org\/{rel}","templated":true}]}}