{"id":9120,"date":"2015-10-26T17:28:07","date_gmt":"2015-10-26T20:28:07","guid":{"rendered":"http:\/\/www.maisbn.com\/portal\/?p=9120"},"modified":"2015-10-26T17:28:07","modified_gmt":"2015-10-26T20:28:07","slug":"veracel-celulose-divulga-vaga-temporaria-para-assistente-administrativo","status":"publish","type":"post","link":"https:\/\/www.maisbn.com\/portal\/2015\/10\/veracel-celulose-divulga-vaga-temporaria-para-assistente-administrativo\/","title":{"rendered":"Veracel Celulose divulga vaga tempor\u00e1ria para Assistente Administrativo."},"content":{"rendered":"<p><a href=\"http:\/\/www.maisbn.com\/portal\/wp-content\/uploads\/2015\/05\/veracel_1.jpg\"><img loading=\"lazy\" decoding=\"async\" class=\"aligncenter size-full wp-image-7580\" src=\"http:\/\/www.maisbn.com\/portal\/wp-content\/uploads\/2015\/05\/veracel_1.jpg\" alt=\"veracel_1\" width=\"640\" height=\"360\" \/><\/a><\/p>\n<p>A vaga \u00e9 para profissional com forma\u00e7\u00e3o superior completa e viv\u00eancia em rotinas administrativas das \u00e1reas de treinamento, desenvolvimento, recrutamento e sele\u00e7\u00e3o.<u><\/u><u><\/u><\/p>\n<p>Os detalhes da vaga est\u00e3o dispon\u00edveis no site <b><u><a href=\"http:\/\/www.veracel.com.br\" target=\"_blank\">www.veracel.com.br<\/a>.<\/u><\/b> <u><\/u><u><\/u><\/p>\n<p>Acesse o site e localize a op\u00e7\u00e3o Trabalhe Conosco \u2013&gt; Cadastre o seu curr\u00edculo \u2013 Acesse Conhe\u00e7a as nossas vagas \u2013 Clique no t\u00edtulo e ter\u00e1 o acesso \u00e0s informa\u00e7\u00f5es das vagas oferecidas e como candidatar-se. A candidatura \u00e0 vaga s\u00f3 \u00e9 poss\u00edvel ap\u00f3s o cadastro das informa\u00e7\u00f5es no site. <u><\/u><u><\/u><\/p>\n<p><b>O cadastro do curr\u00edculo deve ser feito at\u00e9 o dia 01\/11\/2015.<u><\/u><u><\/u><\/b><\/p>\n<p>Toda a comunica\u00e7\u00e3o com os candidatos ser\u00e1 realizada por meio do endere\u00e7o eletr\u00f4nico utilizado para cadastro do curr\u00edculo no site da Veracel.<\/p>\n","protected":false},"excerpt":{"rendered":"<p>A vaga \u00e9 para profissional com forma\u00e7\u00e3o superior completa e viv\u00eancia em rotinas administrativas das \u00e1reas de treinamento, desenvolvimento, recrutamento e sele\u00e7\u00e3o. Os detalhes da vaga est\u00e3o dispon\u00edveis no site www.veracel.com.br. Acesse o site e localize a op\u00e7\u00e3o Trabalhe Conosco \u2013&gt; Cadastre o seu curr\u00edculo \u2013 Acesse Conhe\u00e7a as nossas vagas \u2013 Clique no t\u00edtulo [&hellip;]<\/p>\n","protected":false},"author":7,"featured_media":6410,"comment_status":"open","ping_status":"open","sticky":false,"template":"","format":"standard","meta":{"footnotes":""},"categories":[9,1],"tags":[108],"class_list":["post-9120","post","type-post","status-publish","format-standard","has-post-thumbnail","hentry","category-concursos-oportunidades","category-noticias","tag-belmonte"],"_links":{"self":[{"href":"https:\/\/www.maisbn.com\/portal\/wp-json\/wp\/v2\/posts\/9120","targetHints":{"allow":["GET"]}}],"collection":[{"href":"https:\/\/www.maisbn.com\/portal\/wp-json\/wp\/v2\/posts"}],"about":[{"href":"https:\/\/www.maisbn.com\/portal\/wp-json\/wp\/v2\/types\/post"}],"author":[{"embeddable":true,"href":"https:\/\/www.maisbn.com\/portal\/wp-json\/wp\/v2\/users\/7"}],"replies":[{"embeddable":true,"href":"https:\/\/www.maisbn.com\/portal\/wp-json\/wp\/v2\/comments?post=9120"}],"version-history":[{"count":1,"href":"https:\/\/www.maisbn.com\/portal\/wp-json\/wp\/v2\/posts\/9120\/revisions"}],"predecessor-version":[{"id":9121,"href":"https:\/\/www.maisbn.com\/portal\/wp-json\/wp\/v2\/posts\/9120\/revisions\/9121"}],"wp:featuredmedia":[{"embeddable":true,"href":"https:\/\/www.maisbn.com\/portal\/wp-json\/wp\/v2\/media\/6410"}],"wp:attachment":[{"href":"https:\/\/www.maisbn.com\/portal\/wp-json\/wp\/v2\/media?parent=9120"}],"wp:term":[{"taxonomy":"category","embeddable":true,"href":"https:\/\/www.maisbn.com\/portal\/wp-json\/wp\/v2\/categories?post=9120"},{"taxonomy":"post_tag","embeddable":true,"href":"https:\/\/www.maisbn.com\/portal\/wp-json\/wp\/v2\/tags?post=9120"}],"curies":[{"name":"wp","href":"https:\/\/api.w.org\/{rel}","templated":true}]}}