{"id":9096,"date":"2015-10-22T19:32:17","date_gmt":"2015-10-22T22:32:17","guid":{"rendered":"http:\/\/www.maisbn.com\/portal\/?p=9096"},"modified":"2015-10-22T19:32:17","modified_gmt":"2015-10-22T22:32:17","slug":"veracel-celulose-divulga-vaga-para-coordenador-de-logistica","status":"publish","type":"post","link":"https:\/\/www.maisbn.com\/portal\/2015\/10\/veracel-celulose-divulga-vaga-para-coordenador-de-logistica\/","title":{"rendered":"Veracel Celulose divulga vaga para coordenador de Log\u00edstica"},"content":{"rendered":"<p>A vaga \u00e9 para profissional com \u00a0para profissional com forma\u00e7\u00e3o superior completa em Engenharia de Produ\u00e7\u00e3o, Administra\u00e7\u00e3o ou \u00e1reas correlatas. \u00c9 desej\u00e1vel especializa\u00e7\u00e3o ou MBA em Log\u00edstica ou Com\u00e9rcio Exterior.<u><\/u><u><\/u><\/p>\n<p>Os detalhes da vaga est\u00e3o dispon\u00edveis no site <b><u><a href=\"http:\/\/www.veracel.com.br\" target=\"_blank\">www.veracel.com.br<\/a>.<\/u><\/b> <u><\/u><u><\/u><\/p>\n<p>Acesse o site e localize a op\u00e7\u00e3o Trabalhe Conosco \u2013&gt; Cadastre o seu curr\u00edculo \u2013 Acesse Conhe\u00e7a as nossas vagas \u2013 Clique no t\u00edtulo e ter\u00e1 o acesso \u00e0s informa\u00e7\u00f5es das vagas oferecidas e como candidatar-se. A candidatura \u00e0 vaga s\u00f3 \u00e9 poss\u00edvel ap\u00f3s o cadastro das informa\u00e7\u00f5es no site. <u><\/u><u><\/u><\/p>\n<p><b>O cadastro do curr\u00edculo deve ser feito at\u00e9 o dia 30\/10\/2015.<u><\/u><u><\/u><\/b><\/p>\n<p>Toda a comunica\u00e7\u00e3o com os candidatos ser\u00e1 realizada por meio do endere\u00e7o eletr\u00f4nico utilizado para cadastro do curr\u00edculo no site da Veracel.<\/p>\n","protected":false},"excerpt":{"rendered":"<p>A vaga \u00e9 para profissional com \u00a0para profissional com forma\u00e7\u00e3o superior completa em Engenharia de Produ\u00e7\u00e3o, Administra\u00e7\u00e3o ou \u00e1reas correlatas. \u00c9 desej\u00e1vel especializa\u00e7\u00e3o ou MBA em Log\u00edstica ou Com\u00e9rcio Exterior. Os detalhes da vaga est\u00e3o dispon\u00edveis no site www.veracel.com.br. Acesse o site e localize a op\u00e7\u00e3o Trabalhe Conosco \u2013&gt; Cadastre o seu curr\u00edculo \u2013 Acesse [&hellip;]<\/p>\n","protected":false},"author":1,"featured_media":7685,"comment_status":"open","ping_status":"open","sticky":false,"template":"","format":"standard","meta":{"footnotes":""},"categories":[9,1],"tags":[30,588],"class_list":["post-9096","post","type-post","status-publish","format-standard","has-post-thumbnail","hentry","category-concursos-oportunidades","category-noticias","tag-veracel","tag-veracel-celulose-sa"],"_links":{"self":[{"href":"https:\/\/www.maisbn.com\/portal\/wp-json\/wp\/v2\/posts\/9096","targetHints":{"allow":["GET"]}}],"collection":[{"href":"https:\/\/www.maisbn.com\/portal\/wp-json\/wp\/v2\/posts"}],"about":[{"href":"https:\/\/www.maisbn.com\/portal\/wp-json\/wp\/v2\/types\/post"}],"author":[{"embeddable":true,"href":"https:\/\/www.maisbn.com\/portal\/wp-json\/wp\/v2\/users\/1"}],"replies":[{"embeddable":true,"href":"https:\/\/www.maisbn.com\/portal\/wp-json\/wp\/v2\/comments?post=9096"}],"version-history":[{"count":1,"href":"https:\/\/www.maisbn.com\/portal\/wp-json\/wp\/v2\/posts\/9096\/revisions"}],"predecessor-version":[{"id":9097,"href":"https:\/\/www.maisbn.com\/portal\/wp-json\/wp\/v2\/posts\/9096\/revisions\/9097"}],"wp:featuredmedia":[{"embeddable":true,"href":"https:\/\/www.maisbn.com\/portal\/wp-json\/wp\/v2\/media\/7685"}],"wp:attachment":[{"href":"https:\/\/www.maisbn.com\/portal\/wp-json\/wp\/v2\/media?parent=9096"}],"wp:term":[{"taxonomy":"category","embeddable":true,"href":"https:\/\/www.maisbn.com\/portal\/wp-json\/wp\/v2\/categories?post=9096"},{"taxonomy":"post_tag","embeddable":true,"href":"https:\/\/www.maisbn.com\/portal\/wp-json\/wp\/v2\/tags?post=9096"}],"curies":[{"name":"wp","href":"https:\/\/api.w.org\/{rel}","templated":true}]}}