{"id":9094,"date":"2015-10-22T11:02:02","date_gmt":"2015-10-22T14:02:02","guid":{"rendered":"http:\/\/www.maisbn.com\/portal\/?p=9094"},"modified":"2015-10-22T11:02:02","modified_gmt":"2015-10-22T14:02:02","slug":"contas-da-prefeitura-de-santa-cruz-cabralia-sao-rejeitadas-pelo-tcm","status":"publish","type":"post","link":"https:\/\/www.maisbn.com\/portal\/2015\/10\/contas-da-prefeitura-de-santa-cruz-cabralia-sao-rejeitadas-pelo-tcm\/","title":{"rendered":"Contas da Prefeitura de Santa Cruz Cabr\u00e1lia s\u00e3o rejeitadas pelo TCM"},"content":{"rendered":"<p><a href=\"http:\/\/www.maisbn.com\/portal\/wp-content\/uploads\/2013\/07\/jorgepontes.jpg\"><img loading=\"lazy\" decoding=\"async\" class=\"aligncenter size-full wp-image-3251\" src=\"http:\/\/www.maisbn.com\/portal\/wp-content\/uploads\/2013\/07\/jorgepontes.jpg\" alt=\"jorgepontes\" width=\"650\" height=\"412\" srcset=\"https:\/\/www.maisbn.com\/portal\/wp-content\/uploads\/2013\/07\/jorgepontes.jpg 650w, https:\/\/www.maisbn.com\/portal\/wp-content\/uploads\/2013\/07\/jorgepontes-552x350.jpg 552w, https:\/\/www.maisbn.com\/portal\/wp-content\/uploads\/2013\/07\/jorgepontes-500x316.jpg 500w\" sizes=\"auto, (max-width: 650px) 100vw, 650px\" \/><\/a><\/p>\n<p><span style=\"color: #000000;\">Na sess\u00e3o desta ter\u00e7a-feira (20\/10), o Tribunal de Contas dos Munic\u00edpios opinou pela rejei\u00e7\u00e3o das contas da Prefeitura de Santa Cruz Cabr\u00e1lia, da responsabilidade de Jorge Monteiro Pontes, relativas ao exerc\u00edcio de 2014. O relator do parecer, conselheiro Jos\u00e9 Alfredo, determinou a formula\u00e7\u00e3o de representa\u00e7\u00e3o ao Minist\u00e9rio P\u00fablico Estadual contra o gestor e imputou duas multas, a primeira no valor de R$ 15 mil pelas irregularidades praticadas pela administra\u00e7\u00e3o e a segunda, no montante de R$ 52.200,00, equivalente a 30% dos seus subs\u00eddios anuais, diante da n\u00e3o redu\u00e7\u00e3o da despesa total com pessoal. <\/span><\/p>\n<p><span style=\"color: #000000;\">Tamb\u00e9m foi determinado o ressarcimento aos cofres municipais da quantia de R$ 365.659,25, com recurso pessoais, em raz\u00e3o da aus\u00eancia de comprova\u00e7\u00e3o de despesa (R$ 285.375,48), dos originais dos processos de pagamento (R$ 40.229,28) e de comprovante de pagamento efetivado (R$ 2.297,90); n\u00e3o comprova\u00e7\u00e3o de regularidade no pagamento dos subs\u00eddios dos secret\u00e1rios municipais (R$ 36.000,00); pagamento irregular de multas e juros por atraso no cumprimento de obriga\u00e7\u00f5es (R$ 742,28) e de multa de tr\u00e2nsito (R$ 702,31); e o pagamento a servidores de remunera\u00e7\u00e3o superior ao valor do subs\u00eddio mensal do prefeito (R$ 312,00).<\/span><\/p>\n<p><span style=\"color: #000000;\">O prefeito n\u00e3o aplicou na manuten\u00e7\u00e3o e desenvolvimento do ensino o percentual m\u00ednimo de 25%, previsto no art. 212 da Constitui\u00e7\u00e3o Federal, comprometendo o m\u00e9rito das contas. Foram investidos apenas R$20.125.827,85 na \u00e1rea da educa\u00e7\u00e3o, que representou 23,89% da receita resultante de impostos, compreendida a proveniente de transfer\u00eancias.<\/span><\/p>\n<p><span style=\"color: #000000;\">A despesa total com pessoal alcan\u00e7ou o montante de R$ 33.305.197,55, representando o percentual de 60,10%, e ultrapassando, mais uma vez, o limite de 54% estabelecido na Lei de Responsabilidade Fiscal. A relatoria ressaltou que apesar de advertido em diversas oportunidades, o gestor n\u00e3o adotou medidas visando a recondu\u00e7\u00e3o desses gastos ao \u00edndice m\u00e1ximo permitido pela LRF, o que tamb\u00e9m contribuiu para a reprova\u00e7\u00e3o das contas. Vale ressaltar que a reincid\u00eancia poder\u00e1 ensejar na rejei\u00e7\u00e3o das pr\u00f3ximas contas.<\/span><\/p>\n<p><span style=\"color: #000000;\">Na mesma sess\u00e3o, as contas do presidente da C\u00e2mara de Santa Cruz Cabr\u00e1lia, Luciano Peixoto Monteiro, referentes ao exerc\u00edcio de 2014, foram aprovadas com ressalvas pelo TCM, imputando ao gestor multa de R$2 mil pelas falhas remanescentes no parecer. <\/span><\/p>\n<p><span style=\"color: #000000;\">Cabe recurso da decis\u00e3o.<\/span><\/p>\n<p><em>Fonte: ASCOM\/TCM<\/em><\/p>\n","protected":false},"excerpt":{"rendered":"<p>Na sess\u00e3o desta ter\u00e7a-feira (20\/10), o Tribunal de Contas dos Munic\u00edpios opinou pela rejei\u00e7\u00e3o das contas da Prefeitura de Santa Cruz Cabr\u00e1lia, da responsabilidade de Jorge Monteiro Pontes, relativas ao exerc\u00edcio de 2014. O relator do parecer, conselheiro Jos\u00e9 Alfredo, determinou a formula\u00e7\u00e3o de representa\u00e7\u00e3o ao Minist\u00e9rio P\u00fablico Estadual contra o gestor e imputou duas [&hellip;]<\/p>\n","protected":false},"author":7,"featured_media":0,"comment_status":"open","ping_status":"open","sticky":false,"template":"","format":"standard","meta":{"footnotes":""},"categories":[45,1],"tags":[],"class_list":["post-9094","post","type-post","status-publish","format-standard","hentry","category-cidades","category-noticias"],"_links":{"self":[{"href":"https:\/\/www.maisbn.com\/portal\/wp-json\/wp\/v2\/posts\/9094","targetHints":{"allow":["GET"]}}],"collection":[{"href":"https:\/\/www.maisbn.com\/portal\/wp-json\/wp\/v2\/posts"}],"about":[{"href":"https:\/\/www.maisbn.com\/portal\/wp-json\/wp\/v2\/types\/post"}],"author":[{"embeddable":true,"href":"https:\/\/www.maisbn.com\/portal\/wp-json\/wp\/v2\/users\/7"}],"replies":[{"embeddable":true,"href":"https:\/\/www.maisbn.com\/portal\/wp-json\/wp\/v2\/comments?post=9094"}],"version-history":[{"count":1,"href":"https:\/\/www.maisbn.com\/portal\/wp-json\/wp\/v2\/posts\/9094\/revisions"}],"predecessor-version":[{"id":9095,"href":"https:\/\/www.maisbn.com\/portal\/wp-json\/wp\/v2\/posts\/9094\/revisions\/9095"}],"wp:attachment":[{"href":"https:\/\/www.maisbn.com\/portal\/wp-json\/wp\/v2\/media?parent=9094"}],"wp:term":[{"taxonomy":"category","embeddable":true,"href":"https:\/\/www.maisbn.com\/portal\/wp-json\/wp\/v2\/categories?post=9094"},{"taxonomy":"post_tag","embeddable":true,"href":"https:\/\/www.maisbn.com\/portal\/wp-json\/wp\/v2\/tags?post=9094"}],"curies":[{"name":"wp","href":"https:\/\/api.w.org\/{rel}","templated":true}]}}