{"id":9092,"date":"2015-10-22T08:54:47","date_gmt":"2015-10-22T11:54:47","guid":{"rendered":"http:\/\/www.maisbn.com\/portal\/?p=9092"},"modified":"2015-10-22T08:54:47","modified_gmt":"2015-10-22T11:54:47","slug":"veracel-e-governo-baiano-voltam-a-discutir-construcao-de-nova-fabrica","status":"publish","type":"post","link":"https:\/\/www.maisbn.com\/portal\/2015\/10\/veracel-e-governo-baiano-voltam-a-discutir-construcao-de-nova-fabrica\/","title":{"rendered":"Veracel e Governo baiano voltam a discutir constru\u00e7\u00e3o de nova f\u00e1brica."},"content":{"rendered":"<p><a href=\"http:\/\/www.maisbn.com\/portal\/wp-content\/uploads\/2015\/05\/veracel_1.jpg\"><img loading=\"lazy\" decoding=\"async\" class=\"aligncenter size-full wp-image-7580\" src=\"http:\/\/www.maisbn.com\/portal\/wp-content\/uploads\/2015\/05\/veracel_1.jpg\" alt=\"veracel_1\" width=\"640\" height=\"360\" \/><\/a><\/p>\n<p><span style=\"color: #000000;\">O governo da Bahia e a <strong>Veracel<\/strong> voltaram a discutir a duplica\u00e7\u00e3o da empresa, com a constru\u00e7\u00e3o de nova planta no sul baiano, em um investimento superior a R$ 7,5 bilh\u00f5es.<\/span><\/p>\n<p><span style=\"color: #000000;\">O assunto est\u00e1 sendo tratado a sete chaves, at\u00e9 porque a Veracel \u2013 que \u00e9 controlada pela <strong>Fibria<\/strong> e <strong>Stora Ens<\/strong>o \u2013 j\u00e1 anunciou alguma vezes sua duplica\u00e7\u00e3o e foi adiado o investimento. Mas a situa\u00e7\u00e3o mudou. O mercado mundial demanda celulose, uma necessidade de 1,5 milh\u00e3o de tonadas\/ano, o que significa que h\u00e1 espa\u00e7o para a constru\u00e7\u00e3o de uma nova f\u00e1brica por ano.<\/span><\/p>\n<p><span style=\"color: #000000;\">Al\u00e9m disso, o d\u00f3lar est\u00e1 em alta, favorecendo as exporta\u00e7\u00f5es, e o setor passa ao largo da crise. Ou seja: o momento \u00e9 ideal para o investimento. A Bahia caiu no ranking dos maiores produtores de celulose, desde que a Fibria investiu em uma nova unidade em Tr\u00eas Lagoas (MS), e a Suzano construiu uma f\u00e1brica no Maranh\u00e3o. \u00c9 hora de retomar o posto. Detalhe: a Licen\u00e7a Ambiental para amplia\u00e7\u00e3o da f\u00e1brica da Veracel ainda est\u00e1 em vigor, o que d\u00e1 \u00e0 Bahia uma vantagem imediata.<\/span><\/p>\n<p><span style=\"color: #000000;\">Fonte: Correio Salvador \/ Adaptado por CeluloseOnline<\/span><\/p>\n","protected":false},"excerpt":{"rendered":"<p>O governo da Bahia e a Veracel voltaram a discutir a duplica\u00e7\u00e3o da empresa, com a constru\u00e7\u00e3o de nova planta no sul baiano, em um investimento superior a R$ 7,5 bilh\u00f5es. O assunto est\u00e1 sendo tratado a sete chaves, at\u00e9 porque a Veracel \u2013 que \u00e9 controlada pela Fibria e Stora Enso \u2013 j\u00e1 anunciou [&hellip;]<\/p>\n","protected":false},"author":7,"featured_media":6410,"comment_status":"open","ping_status":"open","sticky":false,"template":"","format":"standard","meta":{"footnotes":""},"categories":[29,1],"tags":[108],"class_list":["post-9092","post","type-post","status-publish","format-standard","has-post-thumbnail","hentry","category-empreendimentos","category-noticias","tag-belmonte"],"_links":{"self":[{"href":"https:\/\/www.maisbn.com\/portal\/wp-json\/wp\/v2\/posts\/9092","targetHints":{"allow":["GET"]}}],"collection":[{"href":"https:\/\/www.maisbn.com\/portal\/wp-json\/wp\/v2\/posts"}],"about":[{"href":"https:\/\/www.maisbn.com\/portal\/wp-json\/wp\/v2\/types\/post"}],"author":[{"embeddable":true,"href":"https:\/\/www.maisbn.com\/portal\/wp-json\/wp\/v2\/users\/7"}],"replies":[{"embeddable":true,"href":"https:\/\/www.maisbn.com\/portal\/wp-json\/wp\/v2\/comments?post=9092"}],"version-history":[{"count":1,"href":"https:\/\/www.maisbn.com\/portal\/wp-json\/wp\/v2\/posts\/9092\/revisions"}],"predecessor-version":[{"id":9093,"href":"https:\/\/www.maisbn.com\/portal\/wp-json\/wp\/v2\/posts\/9092\/revisions\/9093"}],"wp:featuredmedia":[{"embeddable":true,"href":"https:\/\/www.maisbn.com\/portal\/wp-json\/wp\/v2\/media\/6410"}],"wp:attachment":[{"href":"https:\/\/www.maisbn.com\/portal\/wp-json\/wp\/v2\/media?parent=9092"}],"wp:term":[{"taxonomy":"category","embeddable":true,"href":"https:\/\/www.maisbn.com\/portal\/wp-json\/wp\/v2\/categories?post=9092"},{"taxonomy":"post_tag","embeddable":true,"href":"https:\/\/www.maisbn.com\/portal\/wp-json\/wp\/v2\/tags?post=9092"}],"curies":[{"name":"wp","href":"https:\/\/api.w.org\/{rel}","templated":true}]}}