{"id":9084,"date":"2015-10-22T08:04:41","date_gmt":"2015-10-22T11:04:41","guid":{"rendered":"http:\/\/www.maisbn.com\/portal\/?p=9084"},"modified":"2015-10-22T08:04:41","modified_gmt":"2015-10-22T11:04:41","slug":"senador-otto-alencar-diz-que-municipios-estao-falidos","status":"publish","type":"post","link":"https:\/\/www.maisbn.com\/portal\/2015\/10\/senador-otto-alencar-diz-que-municipios-estao-falidos\/","title":{"rendered":"Senador Otto Alencar diz que munic\u00edpios est\u00e3o falidos."},"content":{"rendered":"<p><span style=\"color: #000000;\">O senador Otto Alencar (PSD) est\u00e1 preocupado com a situa\u00e7\u00e3o dos munic\u00edpios baianos. Como \u00e9 conhecedor, de ponta a ponta, do interior do estado, est\u00e1 a chamar a aten\u00e7\u00e3o para o que ocorre. Segundo ele, a esmagadora maioria dos munic\u00edpios atravessa uma situa\u00e7\u00e3o de total calamidade pela aus\u00eancia de recursos para a gest\u00e3o, enquanto a pobreza aumenta em cada canto diante das imensas dificuldades. <\/span><\/p>\n<p><a href=\"http:\/\/www.maisbn.com\/portal\/wp-content\/uploads\/2015\/10\/otto.jpg\"><img loading=\"lazy\" decoding=\"async\" class=\"aligncenter size-full wp-image-9085\" src=\"http:\/\/www.maisbn.com\/portal\/wp-content\/uploads\/2015\/10\/otto.jpg\" alt=\"otto\" width=\"700\" height=\"559\" \/><\/a><\/p>\n<p><span style=\"color: #000000;\">A situa\u00e7\u00e3o \u00e9 grave tamb\u00e9m\u00a0\u00a0para o governo do estado da Bahia, como acontece de igual modo, com a maioria dos entes federativos que, segundo o senador, est\u00e3o praticamente falidos, com exce\u00e7\u00f5es.\u00a0Os estados e os munic\u00edpios dependem do governo federal e, por sua vez, o governo Dilma est\u00e1 praticamente quebrado, enquanto o pacto federativo se transformou numa balela, que somente enche as burras do governo federal em detrimento das necessidades dos estados e munic\u00edpios. <\/span><\/p>\n<p><span style=\"color: #000000;\">Otto Alencar diz que, dos 417 munic\u00edpios baianos, apenas cerca de apenas 30 deles est\u00e3o em situa\u00e7\u00e3o razo\u00e1vel. Nos demais, a precariedade \u00e9 total, principalmente os 60% do territ\u00f3rio baiano que sofre com a seca e vegeta no semi-\u00e1rido.<\/span><\/p>\n<p><em>Fonte: Bahia Noticias<\/em><\/p>\n","protected":false},"excerpt":{"rendered":"<p>O senador Otto Alencar (PSD) est\u00e1 preocupado com a situa\u00e7\u00e3o dos munic\u00edpios baianos. Como \u00e9 conhecedor, de ponta a ponta, do interior do estado, est\u00e1 a chamar a aten\u00e7\u00e3o para o que ocorre. Segundo ele, a esmagadora maioria dos munic\u00edpios atravessa uma situa\u00e7\u00e3o de total calamidade pela aus\u00eancia de recursos para a gest\u00e3o, enquanto a [&hellip;]<\/p>\n","protected":false},"author":7,"featured_media":9085,"comment_status":"open","ping_status":"open","sticky":false,"template":"","format":"standard","meta":{"footnotes":""},"categories":[1,7],"tags":[108],"class_list":["post-9084","post","type-post","status-publish","format-standard","has-post-thumbnail","hentry","category-noticias","category-politica","tag-belmonte"],"_links":{"self":[{"href":"https:\/\/www.maisbn.com\/portal\/wp-json\/wp\/v2\/posts\/9084","targetHints":{"allow":["GET"]}}],"collection":[{"href":"https:\/\/www.maisbn.com\/portal\/wp-json\/wp\/v2\/posts"}],"about":[{"href":"https:\/\/www.maisbn.com\/portal\/wp-json\/wp\/v2\/types\/post"}],"author":[{"embeddable":true,"href":"https:\/\/www.maisbn.com\/portal\/wp-json\/wp\/v2\/users\/7"}],"replies":[{"embeddable":true,"href":"https:\/\/www.maisbn.com\/portal\/wp-json\/wp\/v2\/comments?post=9084"}],"version-history":[{"count":1,"href":"https:\/\/www.maisbn.com\/portal\/wp-json\/wp\/v2\/posts\/9084\/revisions"}],"predecessor-version":[{"id":9086,"href":"https:\/\/www.maisbn.com\/portal\/wp-json\/wp\/v2\/posts\/9084\/revisions\/9086"}],"wp:featuredmedia":[{"embeddable":true,"href":"https:\/\/www.maisbn.com\/portal\/wp-json\/wp\/v2\/media\/9085"}],"wp:attachment":[{"href":"https:\/\/www.maisbn.com\/portal\/wp-json\/wp\/v2\/media?parent=9084"}],"wp:term":[{"taxonomy":"category","embeddable":true,"href":"https:\/\/www.maisbn.com\/portal\/wp-json\/wp\/v2\/categories?post=9084"},{"taxonomy":"post_tag","embeddable":true,"href":"https:\/\/www.maisbn.com\/portal\/wp-json\/wp\/v2\/tags?post=9084"}],"curies":[{"name":"wp","href":"https:\/\/api.w.org\/{rel}","templated":true}]}}