{"id":9033,"date":"2015-10-18T11:02:26","date_gmt":"2015-10-18T14:02:26","guid":{"rendered":"http:\/\/www.maisbn.com\/portal\/?p=9033"},"modified":"2015-10-18T11:02:26","modified_gmt":"2015-10-18T14:02:26","slug":"o-que-realmente-importa-para-voce-e-tema-de-evento-sobre-seguranca-no-trabalho","status":"publish","type":"post","link":"https:\/\/www.maisbn.com\/portal\/2015\/10\/o-que-realmente-importa-para-voce-e-tema-de-evento-sobre-seguranca-no-trabalho\/","title":{"rendered":"\u201cO que realmente importa para voc\u00ea?\u201d \u00e9 tema de evento sobre Seguran\u00e7a no Trabalho."},"content":{"rendered":"<p><a href=\"http:\/\/www.maisbn.com\/portal\/wp-content\/uploads\/2015\/10\/Abertura-da-SIPAT-Ari-Medeiros-Diretor-Veracel.jpg\"><img loading=\"lazy\" decoding=\"async\" class=\"aligncenter size-full wp-image-9034\" src=\"http:\/\/www.maisbn.com\/portal\/wp-content\/uploads\/2015\/10\/Abertura-da-SIPAT-Ari-Medeiros-Diretor-Veracel.jpg\" alt=\"Abertura da SIPAT - Ari Medeiros Diretor Veracel\" width=\"650\" height=\"433\" \/><\/a><\/p>\n<p><span style=\"color: #000000;\">\u201cO que realmente importa para voc\u00ea?\u201d. Esta pergunta foi o tema da Semana Interna de Preven\u00e7\u00e3o ao Acidente de Trabalho (SIPAT), organizada pela Veracel Celulose e empresas parceiras. Com ela, buscou-se inspirar a reflex\u00e3o sobre o que realmente importa &#8211; a vida, a fam\u00edlia \u2013 e o que cada um tem feito quanto a isso.<\/span><\/p>\n<p><span style=\"color: #000000;\">O evento foi realizado no per\u00edodo de 28 de setembro a 02 de outubro e mobilizou a participa\u00e7\u00e3o de mais de 2.500 colaboradores em atividades voltadas para a troca de experi\u00eancias sobre seguran\u00e7a no trabalho, incluindo depoimentos de colaboradores que sofreram acidentes no trabalho. \u201cA mensagem impacta mais, nos faz refletir e pode mudar o nosso comportamento\u201d, explicou Ariovaldo Outa, presidente da Comiss\u00e3o Interna de Preven\u00e7\u00e3o de Acidentes (CIPA).<\/span><\/p>\n<p><span style=\"color: #000000;\">Com o prop\u00f3sito de trocar experi\u00eancias, o diretor de opera\u00e7\u00f5es fosfato da Anglo American, Fernando Rezende, foi convidado para participar do evento e falou sobre as atividades e procedimentos adotados em sua empresa como forma de garantir um ambiente livre de acidentes de trabalho e o papel de cada um para alcan\u00e7ar isso. \u201cO bom funcion\u00e1rio, seja ele l\u00edder ou n\u00e3o, precisa ser bom tanto tecnicamente como em seguran\u00e7a. Uma coisa n\u00e3o pode ser dissociada da outra\u201d, refor\u00e7ou.<\/span><\/p>\n<p><span style=\"color: #000000;\">No discurso de abertura do evento, o diretor de Opera\u00e7\u00f5es da Veracel, Ari Medeiros, destacou a import\u00e2ncia da seguran\u00e7a como um valor a ser seguido em todos os momentos. \u201cA cada ano, a Veracel vem melhorando seus indicadores de seguran\u00e7a. Isso significa mudan\u00e7a de atitude\u201d, enfatizou Medeiros.<\/span><\/p>\n<p><span style=\"color: #000000;\">Como parte da programa\u00e7\u00e3o, todas as \u00e1reas da empresa, juntamente com as parceiras, apresentaram suas experi\u00eancias e pr\u00e1ticas em seguran\u00e7a no trabalho. Com base em exemplos reais, foi poss\u00edvel compartilhar aprendizados e refletir sobre o que pode ser feito para reduzir acidentes no trabalho. \u201cN\u00f3s trabalhamos hoje o conceito de seguran\u00e7a em cada dia. Queremos que todos entendam que a vida \u00e9 o maior bem que existe e devemos cuidar dela\u201d, disse Al\u00e9cio Pereira da Silva , gerente operacional da GO Bertoldi, uma das empresas prestadoras de servi\u00e7os para a Veracel, durante sua participa\u00e7\u00e3o no evento. \u201cO que realmente importa para mim \u00e9 saber que todos n\u00f3s, funcion\u00e1rios, iremos voltar para casa em seguran\u00e7a\u201d, concluiu.<\/span><\/p>\n<p><span style=\"color: #000000;\">O tema \u201cO que realmente importa voc\u00ea?\u201d foi tamb\u00e9m utilizado para campanha em programas de r\u00e1dio divulgados nos 10 munic\u00edpios onde a empresa tem opera\u00e7\u00f5es. \u00a0Assuntos como sa\u00fade e seguran\u00e7a em casa, no trabalho e nas estradas foram temas de dicas aos ouvintes, compartilhando conceitos de valor \u00e0 vida tamb\u00e9m com a comunidade local.<\/span><\/p>\n<p><span style=\"color: #000000;\"><strong>Par\u00f3dias sobre Seguran\u00e7a no Trabalho<\/strong><\/span><\/p>\n<p><span style=\"color: #000000;\">Os colaboradores tamb\u00e9m participaram do II Concurso de Par\u00f3dia com composi\u00e7\u00f5es sobre Seguran\u00e7a no Trabalho. Nove par\u00f3dias foram apresentadas ao p\u00fablico e ao J\u00fari T\u00e9cnico composto por m\u00fasicos e profissionais da \u00e1rea de Seguran\u00e7a. \u201c\u00c9 dif\u00edcil selecionar a melhor quando todas atendem o regulamento e abordam o tema de forma especial, com originalidade e boa performance. Fiquei surpreso com a qualidade das apresenta\u00e7\u00f5es\u201d, comentou o maestro Marcelo Fernandes Pereira.<\/span><\/p>\n<p><span style=\"color: #000000;\">A melhor par\u00f3dia do Concurso foi a do colaborador L\u00e1zaro Domingues de Almeida, da Colheita Florestal. A par\u00f3dia \u201cMude a\u00ed\u201d surgiu a partir da m\u00fasica \u201cEscreve a\u00ed\u201d, do int\u00e9rprete Luan Santana. \u201cQuis alertar os meus colegas sobre a import\u00e2ncia da seguran\u00e7a como um valor em suas vidas, incentivando eles a mudar de h\u00e1bito quando for necess\u00e1rio\u201d, explica Domingues.<\/span><\/p>\n","protected":false},"excerpt":{"rendered":"<p>\u201cO que realmente importa para voc\u00ea?\u201d. Esta pergunta foi o tema da Semana Interna de Preven\u00e7\u00e3o ao Acidente de Trabalho (SIPAT), organizada pela Veracel Celulose e empresas parceiras. Com ela, buscou-se inspirar a reflex\u00e3o sobre o que realmente importa &#8211; a vida, a fam\u00edlia \u2013 e o que cada um tem feito quanto a isso. [&hellip;]<\/p>\n","protected":false},"author":7,"featured_media":9035,"comment_status":"open","ping_status":"open","sticky":false,"template":"","format":"standard","meta":{"footnotes":""},"categories":[29,1],"tags":[],"class_list":["post-9033","post","type-post","status-publish","format-standard","has-post-thumbnail","hentry","category-empreendimentos","category-noticias"],"_links":{"self":[{"href":"https:\/\/www.maisbn.com\/portal\/wp-json\/wp\/v2\/posts\/9033","targetHints":{"allow":["GET"]}}],"collection":[{"href":"https:\/\/www.maisbn.com\/portal\/wp-json\/wp\/v2\/posts"}],"about":[{"href":"https:\/\/www.maisbn.com\/portal\/wp-json\/wp\/v2\/types\/post"}],"author":[{"embeddable":true,"href":"https:\/\/www.maisbn.com\/portal\/wp-json\/wp\/v2\/users\/7"}],"replies":[{"embeddable":true,"href":"https:\/\/www.maisbn.com\/portal\/wp-json\/wp\/v2\/comments?post=9033"}],"version-history":[{"count":1,"href":"https:\/\/www.maisbn.com\/portal\/wp-json\/wp\/v2\/posts\/9033\/revisions"}],"predecessor-version":[{"id":9036,"href":"https:\/\/www.maisbn.com\/portal\/wp-json\/wp\/v2\/posts\/9033\/revisions\/9036"}],"wp:featuredmedia":[{"embeddable":true,"href":"https:\/\/www.maisbn.com\/portal\/wp-json\/wp\/v2\/media\/9035"}],"wp:attachment":[{"href":"https:\/\/www.maisbn.com\/portal\/wp-json\/wp\/v2\/media?parent=9033"}],"wp:term":[{"taxonomy":"category","embeddable":true,"href":"https:\/\/www.maisbn.com\/portal\/wp-json\/wp\/v2\/categories?post=9033"},{"taxonomy":"post_tag","embeddable":true,"href":"https:\/\/www.maisbn.com\/portal\/wp-json\/wp\/v2\/tags?post=9033"}],"curies":[{"name":"wp","href":"https:\/\/api.w.org\/{rel}","templated":true}]}}