{"id":8991,"date":"2015-10-15T08:50:46","date_gmt":"2015-10-15T11:50:46","guid":{"rendered":"http:\/\/www.maisbn.com\/portal\/?p=8991"},"modified":"2015-10-15T08:50:46","modified_gmt":"2015-10-15T11:50:46","slug":"meliantes-com-varias-passagens-pela-delegacia-sao-presos-novamente","status":"publish","type":"post","link":"https:\/\/www.maisbn.com\/portal\/2015\/10\/meliantes-com-varias-passagens-pela-delegacia-sao-presos-novamente\/","title":{"rendered":"Meliantes com v\u00e1rias passagens pela delegacia s\u00e3o presos novamente."},"content":{"rendered":"<p><a href=\"http:\/\/www.maisbn.com\/portal\/wp-content\/uploads\/2015\/10\/20151015044611.jpg\"><img loading=\"lazy\" decoding=\"async\" class=\"aligncenter size-full wp-image-8992\" src=\"http:\/\/www.maisbn.com\/portal\/wp-content\/uploads\/2015\/10\/20151015044611.jpg\" alt=\"20151015044611\" width=\"700\" height=\"421\" \/><\/a><\/p>\n<p>Em uma a\u00e7\u00e3o conjunta do SI (Servi\u00e7o de\u00a0Investiga\u00e7\u00e3o) da Policia\u00a0Civil\u00a0de Belmonte e Policia\u00a0Militar\u00a0prendem nesta quarta \u2013\u00a0feira (14\/10) 2 bandidos acusados de arrombarem o\u00a0pr\u00e9dio\u00a0da Vigil\u00e2ncia\u00a0Sanit\u00e1ria nesta madrugada.<\/p>\n<p>Na a\u00e7\u00e3o as Policias prenderam o vulgo Andr\u00e9, que \u00e9 acusado de ter arrombado o\u00a0pr\u00e9dio da\u00a0Vigil\u00e2ncia\u00a0Sanit\u00e1ria nesta madrugada\u00a0e\u00a0prenderam\u00a0tamb\u00e9m o Vulgo D\u00ca NO QUE DER, que j\u00e1 tem varias passagens pela policia, que foi encontrado com Maconha, mais uma vez as Policias Militar e Civil est\u00e3o de\u00a0parab\u00e9ns\u00a0pela sucedida opera\u00e7\u00e3o que retira das\u00a0ruas mais dois meliantes.<\/p>\n","protected":false},"excerpt":{"rendered":"<p>Em uma a\u00e7\u00e3o conjunta do SI (Servi\u00e7o de\u00a0Investiga\u00e7\u00e3o) da Policia\u00a0Civil\u00a0de Belmonte e Policia\u00a0Militar\u00a0prendem nesta quarta \u2013\u00a0feira (14\/10) 2 bandidos acusados de arrombarem o\u00a0pr\u00e9dio\u00a0da Vigil\u00e2ncia\u00a0Sanit\u00e1ria nesta madrugada. Na a\u00e7\u00e3o as Policias prenderam o vulgo Andr\u00e9, que \u00e9 acusado de ter arrombado o\u00a0pr\u00e9dio da\u00a0Vigil\u00e2ncia\u00a0Sanit\u00e1ria nesta madrugada\u00a0e\u00a0prenderam\u00a0tamb\u00e9m o Vulgo D\u00ca NO QUE DER, que j\u00e1 tem varias passagens [&hellip;]<\/p>\n","protected":false},"author":7,"featured_media":8992,"comment_status":"open","ping_status":"open","sticky":false,"template":"","format":"standard","meta":{"footnotes":""},"categories":[1,16],"tags":[108],"class_list":["post-8991","post","type-post","status-publish","format-standard","has-post-thumbnail","hentry","category-noticias","category-policial","tag-belmonte"],"_links":{"self":[{"href":"https:\/\/www.maisbn.com\/portal\/wp-json\/wp\/v2\/posts\/8991","targetHints":{"allow":["GET"]}}],"collection":[{"href":"https:\/\/www.maisbn.com\/portal\/wp-json\/wp\/v2\/posts"}],"about":[{"href":"https:\/\/www.maisbn.com\/portal\/wp-json\/wp\/v2\/types\/post"}],"author":[{"embeddable":true,"href":"https:\/\/www.maisbn.com\/portal\/wp-json\/wp\/v2\/users\/7"}],"replies":[{"embeddable":true,"href":"https:\/\/www.maisbn.com\/portal\/wp-json\/wp\/v2\/comments?post=8991"}],"version-history":[{"count":1,"href":"https:\/\/www.maisbn.com\/portal\/wp-json\/wp\/v2\/posts\/8991\/revisions"}],"predecessor-version":[{"id":8993,"href":"https:\/\/www.maisbn.com\/portal\/wp-json\/wp\/v2\/posts\/8991\/revisions\/8993"}],"wp:featuredmedia":[{"embeddable":true,"href":"https:\/\/www.maisbn.com\/portal\/wp-json\/wp\/v2\/media\/8992"}],"wp:attachment":[{"href":"https:\/\/www.maisbn.com\/portal\/wp-json\/wp\/v2\/media?parent=8991"}],"wp:term":[{"taxonomy":"category","embeddable":true,"href":"https:\/\/www.maisbn.com\/portal\/wp-json\/wp\/v2\/categories?post=8991"},{"taxonomy":"post_tag","embeddable":true,"href":"https:\/\/www.maisbn.com\/portal\/wp-json\/wp\/v2\/tags?post=8991"}],"curies":[{"name":"wp","href":"https:\/\/api.w.org\/{rel}","templated":true}]}}