{"id":8898,"date":"2015-10-06T15:36:45","date_gmt":"2015-10-06T18:36:45","guid":{"rendered":"http:\/\/www.maisbn.com\/portal\/?p=8898"},"modified":"2015-10-06T15:36:45","modified_gmt":"2015-10-06T18:36:45","slug":"empresarios-belmontenses-fazem-grande-carreata-em-homenagem-ao-dia-micro-e-pequena-empresa","status":"publish","type":"post","link":"https:\/\/www.maisbn.com\/portal\/2015\/10\/empresarios-belmontenses-fazem-grande-carreata-em-homenagem-ao-dia-micro-e-pequena-empresa\/","title":{"rendered":"Empres\u00e1rios belmontenses fazem grande carreata em homenagem ao dia Micro e Pequena Empresa."},"content":{"rendered":"<p><span style=\"color: #000000;\">Nesta segunda-feira (05\/10) aconteceu um grande evento que parou a cidade. Estamos falando da carreata que marcou o dia da Micro e Pequena Empresa. A carreata tamb\u00e9m \u00e9 um dos eventos do movimento Compre do Pequeno Neg\u00f3cio que acontece em todo o Brasil com o objetivo de mostrar \u00e0 comunidade o grande valor que os pequenos e microempres\u00e1rios tem para a economia do pa\u00eds.<\/span><\/p>\n<p><a href=\"http:\/\/www.maisbn.com\/portal\/wp-content\/uploads\/2015\/10\/micro00002.jpg\"><img loading=\"lazy\" decoding=\"async\" class=\"aligncenter size-full wp-image-8901\" src=\"http:\/\/www.maisbn.com\/portal\/wp-content\/uploads\/2015\/10\/micro00002.jpg\" alt=\"micro00002\" width=\"650\" height=\"412\" \/><\/a><\/p>\n<p><span style=\"color: #000000;\">Hoje, segundo pesquisas, mais de 40% das vagas de emprego do pa\u00eds se situam no micro e pequeno neg\u00f3cio e esse patamar s\u00f3 vem crescendo a cada ano, j\u00e1 que, a cada dia mais trabalhadores realizam o sonho de empreender. Infelizmente o setor, apesar de melhorar muito, ainda \u00e9 carente de incentivos. Um dos principais fatores que dificulta a vida dos novos empreendedores ainda \u00e9 o emaranhado de leis fiscais que dificultam muito a abertura ou fechamento das empresas, sem contar com os custos ainda altos de se manter funcion\u00e1rios trabalhando de forma legal. Outro fator que pesa muito tamb\u00e9m \u00e9 a falta de experi\u00eancia e consultorias para o setor e o resultado disso s\u00e3o neg\u00f3cios mal formatados que acabam morrendo antes de completar um ano de exist\u00eancia. Os micro e pequenos empres\u00e1rios ainda tem que sofrer uma dura concorr\u00eancia das maiores empresas e ainda enfrentar a grande crise que assola o pa\u00eds que se torna fatal para os neg\u00f3cios que ainda n\u00e3o tem capital suficiente para enfrentar os tempos dif\u00edceis.<\/span><\/p>\n<p><a href=\"http:\/\/www.maisbn.com\/portal\/wp-content\/uploads\/2015\/10\/micro00032.jpg\"><img loading=\"lazy\" decoding=\"async\" class=\"aligncenter size-full wp-image-8902\" src=\"http:\/\/www.maisbn.com\/portal\/wp-content\/uploads\/2015\/10\/micro00032.jpg\" alt=\"micro00032\" width=\"650\" height=\"412\" \/><\/a><\/p>\n<p><span style=\"color: #000000;\">A carreata em homenagem a esses grandes guerreiros do micro e pequeno empreendedorismo saiu da Pra\u00e7a 13 de Maio por volta das 17:ooHrs e percorreu as principais ruas da cidade. Praticamente, todos os comerciantes e empres\u00e1rios belmontenses fecharam os seus neg\u00f3cios para participar desse grande evento que ainda contou com a grande presen\u00e7a da comunidade que acompanhou cortejo em todo o seu trajeto.<\/span><\/p>\n<p><span style=\"color: #000000;\">Os empres\u00e1rios belmontenses est\u00e3o de parab\u00e9ns pela carreata e convidamos toda a comunidade a prestigiar o micro e o pequeno neg\u00f3cio porque eles s\u00e3o, apesar das dificuldade, um dos pilares que mant\u00e9m a economia funcionando mesmo em meio aos vendavais da crise econ\u00f4mica que castiga o nosso pa\u00eds.<\/span><\/p>\n","protected":false},"excerpt":{"rendered":"<p>Nesta segunda-feira (05\/10) aconteceu um grande evento que parou a cidade. Estamos falando da carreata que marcou o dia da Micro e Pequena Empresa. A carreata tamb\u00e9m \u00e9 um dos eventos do movimento Compre do Pequeno Neg\u00f3cio que acontece em todo o Brasil com o objetivo de mostrar \u00e0 comunidade o grande valor que os [&hellip;]<\/p>\n","protected":false},"author":7,"featured_media":8901,"comment_status":"open","ping_status":"open","sticky":false,"template":"","format":"standard","meta":{"footnotes":""},"categories":[29,1],"tags":[108],"class_list":["post-8898","post","type-post","status-publish","format-standard","has-post-thumbnail","hentry","category-empreendimentos","category-noticias","tag-belmonte"],"_links":{"self":[{"href":"https:\/\/www.maisbn.com\/portal\/wp-json\/wp\/v2\/posts\/8898","targetHints":{"allow":["GET"]}}],"collection":[{"href":"https:\/\/www.maisbn.com\/portal\/wp-json\/wp\/v2\/posts"}],"about":[{"href":"https:\/\/www.maisbn.com\/portal\/wp-json\/wp\/v2\/types\/post"}],"author":[{"embeddable":true,"href":"https:\/\/www.maisbn.com\/portal\/wp-json\/wp\/v2\/users\/7"}],"replies":[{"embeddable":true,"href":"https:\/\/www.maisbn.com\/portal\/wp-json\/wp\/v2\/comments?post=8898"}],"version-history":[{"count":2,"href":"https:\/\/www.maisbn.com\/portal\/wp-json\/wp\/v2\/posts\/8898\/revisions"}],"predecessor-version":[{"id":8903,"href":"https:\/\/www.maisbn.com\/portal\/wp-json\/wp\/v2\/posts\/8898\/revisions\/8903"}],"wp:featuredmedia":[{"embeddable":true,"href":"https:\/\/www.maisbn.com\/portal\/wp-json\/wp\/v2\/media\/8901"}],"wp:attachment":[{"href":"https:\/\/www.maisbn.com\/portal\/wp-json\/wp\/v2\/media?parent=8898"}],"wp:term":[{"taxonomy":"category","embeddable":true,"href":"https:\/\/www.maisbn.com\/portal\/wp-json\/wp\/v2\/categories?post=8898"},{"taxonomy":"post_tag","embeddable":true,"href":"https:\/\/www.maisbn.com\/portal\/wp-json\/wp\/v2\/tags?post=8898"}],"curies":[{"name":"wp","href":"https:\/\/api.w.org\/{rel}","templated":true}]}}