{"id":8859,"date":"2015-10-02T20:14:32","date_gmt":"2015-10-02T23:14:32","guid":{"rendered":"http:\/\/www.maisbn.com\/portal\/?p=8859"},"modified":"2015-10-02T20:14:32","modified_gmt":"2015-10-02T23:14:32","slug":"bancarios-de-varios-estados-decidem-entrar-em-greve-a-partir-de-terca","status":"publish","type":"post","link":"https:\/\/www.maisbn.com\/portal\/2015\/10\/bancarios-de-varios-estados-decidem-entrar-em-greve-a-partir-de-terca\/","title":{"rendered":"Banc\u00e1rios de v\u00e1rios estados decidem entrar em greve a partir de ter\u00e7a."},"content":{"rendered":"<div id=\"materia-letra\" class=\"materia-conteudo entry-content\">\n<div>\n<p><a href=\"http:\/\/www.maisbn.com\/portal\/wp-content\/uploads\/2015\/10\/greve.jpg\"><img loading=\"lazy\" decoding=\"async\" class=\"aligncenter size-full wp-image-8860\" src=\"http:\/\/www.maisbn.com\/portal\/wp-content\/uploads\/2015\/10\/greve.jpg\" alt=\"greve\" width=\"800\" height=\"600\" \/><\/a><\/p>\n<p><span style=\"color: #000000;\">Os banc\u00e1rios decidiram entrar em greve a partir de ter\u00e7a-feira (6) por prazo inderminado, ap\u00f3s assembleias realizadas nesta quinta (1\u00ba), segundo a Confedera\u00e7\u00e3o Nacional dos Trabalhadores do Ramo Financeiro (Contraf-CUT).<\/span><\/p>\n<p><span style=\"color: #000000;\"> A categoria pede reajuste salarial de 16% com piso de R$ 3.299,66. Na \u00faltima sexta-feira (25), a Federa\u00e7\u00e3o Nacional dos Bancos (Fenaban) apresentou uma proposta de reajuste salarial de 5,5%, com piso de R$ 1.321,26 a R$ 2.560,23<em> (veja mais detalhes sobre as reivindica\u00e7\u00f5es e a proposta dos bancos no final da mat\u00e9ria).<\/em> A proposta foi rejeitada pela categoria nas assembleias desta quinta.<\/span><\/p>\n<p><span style=\"color: #000000;\"><strong>Veja os sindicatos que aprovaram a greve at\u00e9 as 21h30 desta quinta, segundo a Contraf:<\/strong><\/span><\/p>\n<p><span style=\"color: #000000;\">ABC (SP)<\/span><br \/>\n<span style=\"color: #000000;\"> Acre (AC)<\/span><br \/>\n<span style=\"color: #000000;\"> Alagoas (AL)<\/span><br \/>\n<span style=\"color: #000000;\"> Alegrete (RS)<\/span><br \/>\n<span style=\"color: #000000;\"> Amap\u00e1 (AP)<\/span><br \/>\n<span style=\"color: #000000;\"> Angra dos Reis (RJ)<\/span><br \/>\n<span style=\"color: #000000;\"> Apucarana (PR)<\/span><br \/>\n<span style=\"color: #000000;\"> Ararangu\u00e1 (SC)<\/span><br \/>\n<span style=\"color: #000000;\"> Bahia (BA)<\/span><br \/>\n<span style=\"color: #000000;\"> Barretos (SP)<\/span><br \/>\n<span style=\"color: #000000;\"> Belo Horizonte (MG)<\/span><br \/>\n<span style=\"color: #000000;\"> Blumenau (SC)<\/span><br \/>\n<span style=\"color: #000000;\"> Bras\u00edlia (DF)<\/span><br \/>\n<span style=\"color: #000000;\"> Campina Grande (PB)<\/span><br \/>\n<span style=\"color: #000000;\"> Campinas (SP)<\/span><br \/>\n<span style=\"color: #000000;\"> Campo Grande (MS)<\/span><br \/>\n<span style=\"color: #000000;\"> Campo Mour\u00e3o (PR)<\/span><br \/>\n<span style=\"color: #000000;\"> Campos de Goytacazes (RJ)<\/span><br \/>\n<span style=\"color: #000000;\"> Carazinho (RS)<\/span><br \/>\n<span style=\"color: #000000;\"> Caxias do Sul (RS)<\/span><br \/>\n<span style=\"color: #000000;\"> Cear\u00e1 (CE)<\/span><br \/>\n<span style=\"color: #000000;\"> Chapec\u00f3 (SC)<\/span><br \/>\n<span style=\"color: #000000;\"> Corn\u00e9lio Proc\u00f3pio (PR)<\/span><br \/>\n<span style=\"color: #000000;\"> Crici\u00fama (SC)<\/span><br \/>\n<span style=\"color: #000000;\"> Curitiba (PR)<\/span><br \/>\n<span style=\"color: #000000;\"> Dourados (MS)<\/span><br \/>\n<span style=\"color: #000000;\"> Extremo Sul da Bahia (BA)<\/span><br \/>\n<span style=\"color: #000000;\"> Feira de Santana (BA)<\/span><br \/>\n<span style=\"color: #000000;\"> Florian\u00f3polis (SC)<\/span><br \/>\n<span style=\"color: #000000;\"> Guarapuava (PR)<\/span><br \/>\n<span style=\"color: #000000;\"> Guarulhos (SP)<\/span><br \/>\n<span style=\"color: #000000;\"> Ipatinga (MG)<\/span><br \/>\n<span style=\"color: #000000;\"> Itabuna (BA)<\/span><br \/>\n<span style=\"color: #000000;\"> Itaperuna (RJ)<\/span><br \/>\n<span style=\"color: #000000;\"> Jundia\u00ed (SP)<\/span><br \/>\n<span style=\"color: #000000;\"> Limeira (SP)<\/span><br \/>\n<span style=\"color: #000000;\"> Londrina (PR)<\/span><br \/>\n<span style=\"color: #000000;\"> Maca\u00e9 (RJ)<\/span><br \/>\n<span style=\"color: #000000;\"> Maranh\u00e3o (MA)<\/span><br \/>\n<span style=\"color: #000000;\"> Mato Grosso (MT)<\/span><br \/>\n<span style=\"color: #000000;\"> Mogi das Cruzes (SP)<\/span><br \/>\n<span style=\"color: #000000;\"> Niter\u00f3i RJ<\/span><br \/>\n<span style=\"color: #000000;\"> Nova Friburgo (RJ)<\/span><br \/>\n<span style=\"color: #000000;\"> Para\u00edba (PB)<\/span><br \/>\n<span style=\"color: #000000;\"> Par\u00e1 (PA)<\/span><br \/>\n<span style=\"color: #000000;\"> Paranava\u00ed (PR)<\/span><br \/>\n<span style=\"color: #000000;\"> Passo Fundo (RS)<\/span><br \/>\n<span style=\"color: #000000;\"> Pernambuco (PE)<\/span><br \/>\n<span style=\"color: #000000;\"> Petr\u00f3polis (RJ)<\/span><br \/>\n<span style=\"color: #000000;\"> Piau\u00ed (PI)<\/span><br \/>\n<span style=\"color: #000000;\"> Piracicaba (SP)<\/span><br \/>\n<span style=\"color: #000000;\"> Ponta Grossa (PR)<\/span><br \/>\n<span style=\"color: #000000;\"> Porto Alegre (RS)<\/span><br \/>\n<span style=\"color: #000000;\"> Rio de Janeiro<\/span><br \/>\n<span style=\"color: #000000;\"> Rio Grande do Norte (RN)<\/span><br \/>\n<span style=\"color: #000000;\"> Rond\u00f4nia (RO)<\/span><br \/>\n<span style=\"color: #000000;\"> Rondon\u00f3polis (MT)<\/span><br \/>\n<span style=\"color: #000000;\"> Roraima (RO)<\/span><br \/>\n<span style=\"color: #000000;\"> Santa Cruz do Sul (RS)<\/span><br \/>\n<span style=\"color: #000000;\"> Santa Maria (RS)<\/span><br \/>\n<span style=\"color: #000000;\"> Santa Rosa (RS)<\/span><br \/>\n<span style=\"color: #000000;\"> S\u00e3o Paulo (SP)<\/span><br \/>\n<span style=\"color: #000000;\"> Taubat\u00e9 (SP)<\/span><br \/>\n<span style=\"color: #000000;\"> Te\u00f3filo Otoni (MG)<\/span><br \/>\n<span style=\"color: #000000;\"> Teres\u00f3polis (RJ)<\/span><br \/>\n<span style=\"color: #000000;\"> Toledo (PR)<\/span><br \/>\n<span style=\"color: #000000;\"> Tr\u00eas Rios (RJ)<\/span><br \/>\n<span style=\"color: #000000;\"> Vale do Paranhana (RS)<\/span><br \/>\n<span style=\"color: #000000;\"> Vale do Ribeira (SP)<\/span><br \/>\n<span style=\"color: #000000;\"> Videira (SC )<\/span><br \/>\n<span style=\"color: #000000;\"> Vit\u00f3ria da Conquista (BA)<\/span><br \/>\n<span style=\"color: #000000;\"> Zona da Mata e Sul de Minas (MG)<\/span><\/p>\n<p><span style=\"color: #000000;\"><strong>O que pede a categoria e o que oferecem os bancos<\/strong><\/span><br \/>\n<span style=\"color: #000000;\"> Os banc\u00e1rios querem reajuste salarial de 16%, com piso de R$ 3.299,66, e Participa\u00e7\u00e3o nos Lucros e Resultado (PLR) de tr\u00eas sal\u00e1rios mais R$ 7.246,82. A categoria tamb\u00e9m reivindica vales alimenta\u00e7\u00e3o, refei\u00e7\u00e3o, 13\u00aa cesta e aux\u00edlio-creche\/bab\u00e1 de R$ 788 cada. A categoria tamb\u00e9m pede pagamento para gradua\u00e7\u00e3o e p\u00f3s, al\u00e9m de melhorias nas condi\u00e7\u00f5es de trabalho e seguran\u00e7a.<\/span><\/p>\n<p><span style=\"color: #000000;\"> A proposta apresentada pela Febraban na \u00faltima sexta (25), rejeitada em assembleias nesta segunda (1\u00ba), oferece reajuste salarial de 5,5%, com piso entre R$ 1.321,26 e R$ 2.560,23. A Federa\u00e7\u00e3o prop\u00f4s ainda PLR pela regra de 90% do sal\u00e1rio mais R$ 1.939,08, limitado a R$ 10.402,22 e parcela adicional (2,2% do lucro l\u00edquido dividido linearmente para todos, limitado a R$ 3.878,16). Foram tamb\u00e9m propostos os seguintes benef\u00edcios: Aux\u00edlio-refei\u00e7\u00e3o de R$ 27,43, aux\u00edlio-cesta alimenta\u00e7\u00e3o e 13\u00aa cesta de R$ 454,87,aux\u00edlio-creche\/bab\u00e1 de R$ 323,84 a R$ 378,56, gratifica\u00e7\u00e3o de compensador de cheques de R$ 147,11, qualifica\u00e7\u00e3o profissional de R$ 1.294,49, entre outros.\u00a0<\/span><\/p>\n<p><span style=\"color: #000000;\"><strong>Greves em 201<\/strong><strong>3 e em 2014<\/strong><\/span><br \/>\n<span style=\"color: #000000;\"> Os banc\u00e1rios fizeram uma greve entre 30 de setembro e 06 de outubro em 2014. Os trabalhadores pediam em reivindica\u00e7\u00e3o inicial reajuste salarial de 12,5%, al\u00e9m de piso salarial de R$ 2.979,25, PLR de tr\u00eas sal\u00e1rios mais parcela adicional de R$ 6.247 e 14\u00ba sal\u00e1rio. A categoria tamb\u00e9m pedia aumento nos valores de benef\u00edcios como vale-refei\u00e7\u00e3o, aux\u00edlio-creche, gratifica\u00e7\u00e3o de caixa, entre outros. A greve foi encerrada ap\u00f3s proposta da Fenaban de reajuste de 8,5% nos sal\u00e1rios e demais verbas salariais, de 9% nos pisos e 12,2% no vale-refei\u00e7\u00e3o.<\/span><\/p>\n<p><span style=\"color: #000000;\">Em 2013, os trabalhadores do setor promoveram uma greve de 23 dias, que foi encerrada ap\u00f3s os bancos oferecerem reajuste de 8%, com ganho real de 1,82%. A dura\u00e7\u00e3o da greve na \u00e9poca fez a Confedera\u00e7\u00e3o Nacional de Dirigentes Lojistas (CNDL) pedir um acordo para o fim da paralisa\u00e7\u00e3o, temendo perdas de at\u00e9 30% nas vendas do varejo do in\u00edcio de outubro.<\/span><\/p>\n<\/div>\n<\/div>\n","protected":false},"excerpt":{"rendered":"<p>Os banc\u00e1rios decidiram entrar em greve a partir de ter\u00e7a-feira (6) por prazo inderminado, ap\u00f3s assembleias realizadas nesta quinta (1\u00ba), segundo a Confedera\u00e7\u00e3o Nacional dos Trabalhadores do Ramo Financeiro (Contraf-CUT). A categoria pede reajuste salarial de 16% com piso de R$ 3.299,66. Na \u00faltima sexta-feira (25), a Federa\u00e7\u00e3o Nacional dos Bancos (Fenaban) apresentou uma proposta [&hellip;]<\/p>\n","protected":false},"author":7,"featured_media":8860,"comment_status":"open","ping_status":"open","sticky":false,"template":"","format":"standard","meta":{"footnotes":""},"categories":[45,1],"tags":[108],"class_list":["post-8859","post","type-post","status-publish","format-standard","has-post-thumbnail","hentry","category-cidades","category-noticias","tag-belmonte"],"_links":{"self":[{"href":"https:\/\/www.maisbn.com\/portal\/wp-json\/wp\/v2\/posts\/8859","targetHints":{"allow":["GET"]}}],"collection":[{"href":"https:\/\/www.maisbn.com\/portal\/wp-json\/wp\/v2\/posts"}],"about":[{"href":"https:\/\/www.maisbn.com\/portal\/wp-json\/wp\/v2\/types\/post"}],"author":[{"embeddable":true,"href":"https:\/\/www.maisbn.com\/portal\/wp-json\/wp\/v2\/users\/7"}],"replies":[{"embeddable":true,"href":"https:\/\/www.maisbn.com\/portal\/wp-json\/wp\/v2\/comments?post=8859"}],"version-history":[{"count":1,"href":"https:\/\/www.maisbn.com\/portal\/wp-json\/wp\/v2\/posts\/8859\/revisions"}],"predecessor-version":[{"id":8861,"href":"https:\/\/www.maisbn.com\/portal\/wp-json\/wp\/v2\/posts\/8859\/revisions\/8861"}],"wp:featuredmedia":[{"embeddable":true,"href":"https:\/\/www.maisbn.com\/portal\/wp-json\/wp\/v2\/media\/8860"}],"wp:attachment":[{"href":"https:\/\/www.maisbn.com\/portal\/wp-json\/wp\/v2\/media?parent=8859"}],"wp:term":[{"taxonomy":"category","embeddable":true,"href":"https:\/\/www.maisbn.com\/portal\/wp-json\/wp\/v2\/categories?post=8859"},{"taxonomy":"post_tag","embeddable":true,"href":"https:\/\/www.maisbn.com\/portal\/wp-json\/wp\/v2\/tags?post=8859"}],"curies":[{"name":"wp","href":"https:\/\/api.w.org\/{rel}","templated":true}]}}