{"id":8853,"date":"2015-10-02T19:24:59","date_gmt":"2015-10-02T22:24:59","guid":{"rendered":"http:\/\/www.maisbn.com\/portal\/?p=8853"},"modified":"2015-10-02T19:24:59","modified_gmt":"2015-10-02T22:24:59","slug":"janio-natal-muda-o-seu-domicilio-eleitoral-para-belmonte-para-ajudar-janival-nas-proximas-eleicoes","status":"publish","type":"post","link":"https:\/\/www.maisbn.com\/portal\/2015\/10\/janio-natal-muda-o-seu-domicilio-eleitoral-para-belmonte-para-ajudar-janival-nas-proximas-eleicoes\/","title":{"rendered":"J\u00e2nio Natal muda o seu domic\u00edlio eleitoral para Belmonte para ajudar Janival nas pr\u00f3ximas elei\u00e7\u00f5es."},"content":{"rendered":"<p><a href=\"http:\/\/www.maisbn.com\/portal\/wp-content\/uploads\/2015\/10\/janionatal00001.jpg\"><img loading=\"lazy\" decoding=\"async\" class=\"aligncenter size-full wp-image-8854\" src=\"http:\/\/www.maisbn.com\/portal\/wp-content\/uploads\/2015\/10\/janionatal00001.jpg\" alt=\"janionatal00001\" width=\"650\" height=\"412\" \/><\/a><\/p>\n<p><span style=\"color: #000000;\">Na manh\u00e3 dessa sexta-feira (02\/10) o Deputado Estadual J\u00e2nio Natal compareceu ao Cart\u00f3rio Eleitoral de Belmonte para mudar o seu t\u00edtulo para a cidade. A a\u00e7\u00e3o p\u00f4s fim nas especula\u00e7\u00f5es de que o mesmo sairia candidato em Porto Seguro ou Cabr\u00e1lia e ascendeu a esperan\u00e7a de alguns correligion\u00e1rios e admiradores de v\u00ea-lo novamente nos comandos da Prefeitura de Belmonte.<\/span><\/p>\n<p><a href=\"http:\/\/www.maisbn.com\/portal\/wp-content\/uploads\/2015\/10\/janionatal00005.jpg\"><img loading=\"lazy\" decoding=\"async\" class=\"aligncenter size-full wp-image-8855\" src=\"http:\/\/www.maisbn.com\/portal\/wp-content\/uploads\/2015\/10\/janionatal00005.jpg\" alt=\"janionatal00005\" width=\"650\" height=\"412\" \/><\/a><\/p>\n<p><span style=\"color: #000000;\">Com a mudan\u00e7a, o deputado estar\u00e1 atendendo as exig\u00eancias da legisla\u00e7\u00e3o eleitoral para que o mesmo, caso queira, saia candidato a Prefeito de Belmonte. Questionado sobre essa possibilidade, J\u00e2nio foi enf\u00e1tico em afirmar que o candidato \u00e9 o seu irm\u00e3o Janival Andrade e que ele est\u00e1 vindo para ser mais uma for\u00e7a para a campanha do mesmo. <\/span><\/p>\n<p><a href=\"http:\/\/www.maisbn.com\/portal\/wp-content\/uploads\/2015\/10\/janionatal00002.jpg\"><img loading=\"lazy\" decoding=\"async\" class=\"aligncenter size-full wp-image-8857\" src=\"http:\/\/www.maisbn.com\/portal\/wp-content\/uploads\/2015\/10\/janionatal00002.jpg\" alt=\"janionatal00002\" width=\"650\" height=\"412\" \/><\/a><\/p>\n<p><span style=\"color: #000000;\">Ap\u00f3s fazer a transfer\u00eancia do titulo eleitoral J\u00e2nio e Janival foram fazer algumas visitas pela cidade. A estadia do deputado e seu irm\u00e3o foi encerrada com um grande almo\u00e7o oferecido no Restaurante Taberna para os amigos, lideran\u00e7as pol\u00edticas e correligion\u00e1rios presentes.<\/span><\/p>\n","protected":false},"excerpt":{"rendered":"<p>Na manh\u00e3 dessa sexta-feira (02\/10) o Deputado Estadual J\u00e2nio Natal compareceu ao Cart\u00f3rio Eleitoral de Belmonte para mudar o seu t\u00edtulo para a cidade. A a\u00e7\u00e3o p\u00f4s fim nas especula\u00e7\u00f5es de que o mesmo sairia candidato em Porto Seguro ou Cabr\u00e1lia e ascendeu a esperan\u00e7a de alguns correligion\u00e1rios e admiradores de v\u00ea-lo novamente nos comandos [&hellip;]<\/p>\n","protected":false},"author":7,"featured_media":8854,"comment_status":"open","ping_status":"open","sticky":false,"template":"","format":"standard","meta":{"footnotes":""},"categories":[1,7],"tags":[108],"class_list":["post-8853","post","type-post","status-publish","format-standard","has-post-thumbnail","hentry","category-noticias","category-politica","tag-belmonte"],"_links":{"self":[{"href":"https:\/\/www.maisbn.com\/portal\/wp-json\/wp\/v2\/posts\/8853","targetHints":{"allow":["GET"]}}],"collection":[{"href":"https:\/\/www.maisbn.com\/portal\/wp-json\/wp\/v2\/posts"}],"about":[{"href":"https:\/\/www.maisbn.com\/portal\/wp-json\/wp\/v2\/types\/post"}],"author":[{"embeddable":true,"href":"https:\/\/www.maisbn.com\/portal\/wp-json\/wp\/v2\/users\/7"}],"replies":[{"embeddable":true,"href":"https:\/\/www.maisbn.com\/portal\/wp-json\/wp\/v2\/comments?post=8853"}],"version-history":[{"count":1,"href":"https:\/\/www.maisbn.com\/portal\/wp-json\/wp\/v2\/posts\/8853\/revisions"}],"predecessor-version":[{"id":8858,"href":"https:\/\/www.maisbn.com\/portal\/wp-json\/wp\/v2\/posts\/8853\/revisions\/8858"}],"wp:featuredmedia":[{"embeddable":true,"href":"https:\/\/www.maisbn.com\/portal\/wp-json\/wp\/v2\/media\/8854"}],"wp:attachment":[{"href":"https:\/\/www.maisbn.com\/portal\/wp-json\/wp\/v2\/media?parent=8853"}],"wp:term":[{"taxonomy":"category","embeddable":true,"href":"https:\/\/www.maisbn.com\/portal\/wp-json\/wp\/v2\/categories?post=8853"},{"taxonomy":"post_tag","embeddable":true,"href":"https:\/\/www.maisbn.com\/portal\/wp-json\/wp\/v2\/tags?post=8853"}],"curies":[{"name":"wp","href":"https:\/\/api.w.org\/{rel}","templated":true}]}}