{"id":8850,"date":"2015-10-01T20:36:34","date_gmt":"2015-10-01T23:36:34","guid":{"rendered":"http:\/\/www.maisbn.com\/portal\/?p=8850"},"modified":"2015-10-01T20:36:34","modified_gmt":"2015-10-01T23:36:34","slug":"janio-natal-muda-domicilio-eleitoral-para-belmonte-e-diz-que-lutara-pela-vitoria-de-janival","status":"publish","type":"post","link":"https:\/\/www.maisbn.com\/portal\/2015\/10\/janio-natal-muda-domicilio-eleitoral-para-belmonte-e-diz-que-lutara-pela-vitoria-de-janival\/","title":{"rendered":"J\u00e2nio Natal muda domic\u00edlio eleitoral para Belmonte e diz que lutar\u00e1 pela vit\u00f3ria de Janival."},"content":{"rendered":"<p><a href=\"http:\/\/www.maisbn.com\/portal\/wp-content\/uploads\/2013\/08\/janionatalcamara.jpg\"><img loading=\"lazy\" decoding=\"async\" class=\"aligncenter size-full wp-image-3336\" src=\"http:\/\/www.maisbn.com\/portal\/wp-content\/uploads\/2013\/08\/janionatalcamara.jpg\" alt=\"janionatalcamara\" width=\"640\" height=\"427\" srcset=\"https:\/\/www.maisbn.com\/portal\/wp-content\/uploads\/2013\/08\/janionatalcamara.jpg 640w, https:\/\/www.maisbn.com\/portal\/wp-content\/uploads\/2013\/08\/janionatalcamara-524x350.jpg 524w\" sizes=\"auto, (max-width: 640px) 100vw, 640px\" \/><\/a><\/p>\n<p><span style=\"color: #000000;\">Essa semana mais uma reviravolta est\u00e1 acontecendo em Belmonte e o grupo pol\u00edtico do agricultor Janival Andrade ter\u00e1 um refor\u00e7o de peso para a grande batalha que acontecer\u00e1 nas elei\u00e7\u00f5es de 2016. Estamos falando da decis\u00e3o do deputado J\u00e2nio Natal de mudar o seu domic\u00edlio eleitoral para a cidade de Belmonte desfazendo de vez as especula\u00e7\u00f5es de que o mesmo poderia sair candidato a prefeito de Cabr\u00e1lia ou de Porto Seguro.<\/span><\/p>\n<p><span style=\"color: #000000;\">O deputado informou em comunicado nas redes sociais que nesta sexta-feira (02\/09) estar\u00e1 mudando o seu t\u00edtulo para Belmonte porque o seu principal objetivo \u00e9 auxiliar o seu irm\u00e3o, o agricultor Janival Andrade, na disputa para prefeito. J\u00e2nio informou aos seus correligion\u00e1rios que dar\u00e1 total apoio a Janival e que cuidar\u00e1 da sua candidatura pessoalmente. Segue abaixo o comunicado na \u00edntegra:<\/span><\/p>\n<p><em>Tenho conhecimento de que existem muitas especula\u00e7\u00f5es pol\u00edticas a respeito do meu destino pol\u00edtico nas pr\u00f3ximas elei\u00e7\u00f5es:<\/em><\/p>\n<p><em>&#8211; uns dizem que serei candidato em Cabr\u00e1lia;<\/em><\/p>\n<p><em>&#8211; outros falam que serei candidato em Porto.<\/em><\/p>\n<p><em>Ambas s\u00e3o falsas. E, para acabar com todas essas duvidas, nesta sexta-feira, dia 2 de outubro, estarei transferindo meu titulo de eleitor para o municipio de Belmonte, onde darei total assist\u00eancia pol\u00edtica ao meu irm\u00e3o Janival, que ser\u00e1 candidato a Prefeito. Estarei lado a lado com ele e espero contar com seu apoio.<\/em><br \/>\n<em>Ajude Belmonte a sair da mis\u00e9ria que se encontra. Vamos caminhar juntos!!!<\/em><\/p>\n<p><em>Um fraternal abra\u00c7o,<\/em><\/p>\n","protected":false},"excerpt":{"rendered":"<p>Essa semana mais uma reviravolta est\u00e1 acontecendo em Belmonte e o grupo pol\u00edtico do agricultor Janival Andrade ter\u00e1 um refor\u00e7o de peso para a grande batalha que acontecer\u00e1 nas elei\u00e7\u00f5es de 2016. Estamos falando da decis\u00e3o do deputado J\u00e2nio Natal de mudar o seu domic\u00edlio eleitoral para a cidade de Belmonte desfazendo de vez as [&hellip;]<\/p>\n","protected":false},"author":7,"featured_media":8072,"comment_status":"open","ping_status":"open","sticky":false,"template":"","format":"standard","meta":{"footnotes":""},"categories":[1,7],"tags":[108],"class_list":["post-8850","post","type-post","status-publish","format-standard","has-post-thumbnail","hentry","category-noticias","category-politica","tag-belmonte"],"_links":{"self":[{"href":"https:\/\/www.maisbn.com\/portal\/wp-json\/wp\/v2\/posts\/8850","targetHints":{"allow":["GET"]}}],"collection":[{"href":"https:\/\/www.maisbn.com\/portal\/wp-json\/wp\/v2\/posts"}],"about":[{"href":"https:\/\/www.maisbn.com\/portal\/wp-json\/wp\/v2\/types\/post"}],"author":[{"embeddable":true,"href":"https:\/\/www.maisbn.com\/portal\/wp-json\/wp\/v2\/users\/7"}],"replies":[{"embeddable":true,"href":"https:\/\/www.maisbn.com\/portal\/wp-json\/wp\/v2\/comments?post=8850"}],"version-history":[{"count":1,"href":"https:\/\/www.maisbn.com\/portal\/wp-json\/wp\/v2\/posts\/8850\/revisions"}],"predecessor-version":[{"id":8851,"href":"https:\/\/www.maisbn.com\/portal\/wp-json\/wp\/v2\/posts\/8850\/revisions\/8851"}],"wp:featuredmedia":[{"embeddable":true,"href":"https:\/\/www.maisbn.com\/portal\/wp-json\/wp\/v2\/media\/8072"}],"wp:attachment":[{"href":"https:\/\/www.maisbn.com\/portal\/wp-json\/wp\/v2\/media?parent=8850"}],"wp:term":[{"taxonomy":"category","embeddable":true,"href":"https:\/\/www.maisbn.com\/portal\/wp-json\/wp\/v2\/categories?post=8850"},{"taxonomy":"post_tag","embeddable":true,"href":"https:\/\/www.maisbn.com\/portal\/wp-json\/wp\/v2\/tags?post=8850"}],"curies":[{"name":"wp","href":"https:\/\/api.w.org\/{rel}","templated":true}]}}