{"id":8793,"date":"2015-09-25T10:38:21","date_gmt":"2015-09-25T13:38:21","guid":{"rendered":"http:\/\/www.maisbn.com\/portal\/?p=8793"},"modified":"2015-09-25T10:40:18","modified_gmt":"2015-09-25T13:40:18","slug":"parceria-entre-prefeitura-de-belmonte-e-pirelli-instala-sala-de-cinema-em-belmonte","status":"publish","type":"post","link":"https:\/\/www.maisbn.com\/portal\/2015\/09\/parceria-entre-prefeitura-de-belmonte-e-pirelli-instala-sala-de-cinema-em-belmonte\/","title":{"rendered":"Parceria entre Prefeitura e Pirelli instala sala de cinema em Belmonte."},"content":{"rendered":"<p><span style=\"color: #000000;\">Aconteceu na manh\u00e3 da \u00faltima quinta-feira (24\/09) uma grande festa de inaugura\u00e7\u00e3o em Belmonte. O evento aconteceu na sede do SCFV (Servi\u00e7o de Conviv\u00eancia e Fortalecimento de V\u00ednculos) e serviu para apresentar \u00e0 comunidade o Programa CINECO (Cinema Ecol\u00f3gico).<\/span><\/p>\n<p><a href=\"http:\/\/www.maisbn.com\/portal\/wp-content\/uploads\/2015\/09\/20150925041028.jpg\"><img loading=\"lazy\" decoding=\"async\" class=\"aligncenter size-full wp-image-8794\" src=\"http:\/\/www.maisbn.com\/portal\/wp-content\/uploads\/2015\/09\/20150925041028.jpg\" alt=\"20150925041028\" width=\"650\" height=\"412\" \/><\/a><\/p>\n<p><span style=\"color: #000000;\">Patrocinado pela empresa Pirelli em parceria com a Prefeitura Municipal de Belmonte, a sala de proje\u00e7\u00e3o \u00e9 fabricada com uma estrutura de alum\u00ednio e placas recicladas de embalagens de leite (em cada arma\u00e7\u00e3o s\u00e3o usadas cerca de 14 mil caixas de leite). O espa\u00e7o foi projetado para a exibi\u00e7\u00e3o de filmes digitais e conta com uma sofisticada aparelhagem de imagem e som que consiste em um moderno projetor com 3.500 ansi-l\u00famens e sistema de sonoriza\u00e7\u00e3o pr\u00f3prio para as salas exibidoras.<\/span><\/p>\n<p><a href=\"http:\/\/www.maisbn.com\/portal\/wp-content\/uploads\/2015\/09\/20150925040742.jpg\"><img loading=\"lazy\" decoding=\"async\" class=\"aligncenter size-full wp-image-8795\" src=\"http:\/\/www.maisbn.com\/portal\/wp-content\/uploads\/2015\/09\/20150925040742.jpg\" alt=\"20150925040742\" width=\"650\" height=\"412\" \/><\/a><\/p>\n<p><span style=\"color: #000000;\">O objetivo do Programa CINECO \u00e9 de trazer para a comunidade um cinema alternativo que tem como objetivo proporcionar lazer, al\u00e9m de transmitir a arte cinematogr\u00e1fica para pessoas e lugares com pouca acesso aos cinemas convencionais. Al\u00e9m de exibir filmes para a comunidade, a sala de exibi\u00e7\u00e3o ainda pode ser usada como um instrumento de desenvolvimento de propostas pedag\u00f3gicas, j\u00e1 que, sua estrutura contempla acervo de 150 DVDs e 25 livros sobre cinema. \u201c\u201cEsse projeto promove o acesso \u00e0 cultura e arte. Acreditamos que a cultura \u00e9 um elemento de transforma\u00e7\u00e3o e por isso queremos participar ativamente nesse processo de difus\u00e3o. \u00c9 por esse mesmo motivo que h\u00e1 seis anos patrocinamos a Semana Pirelli de Cinema Italiano, que leva as \u00faltimas produ\u00e7\u00f5es cinematogr\u00e1ficas italianas ao p\u00fablico brasileiro\u201d, diz Mario Batista, diretor de Assuntos Corporativos da Pirelli.<\/span><\/p>\n<p><a href=\"http:\/\/www.maisbn.com\/portal\/wp-content\/uploads\/2015\/09\/mosaico_cineco.jpg\"><img loading=\"lazy\" decoding=\"async\" class=\"aligncenter size-full wp-image-8796\" src=\"http:\/\/www.maisbn.com\/portal\/wp-content\/uploads\/2015\/09\/mosaico_cineco.jpg\" alt=\"mosaico_cineco\" width=\"630\" height=\"400\" \/><\/a><\/p>\n<p><span style=\"color: #000000;\">A cria\u00e7\u00e3o do Cineco \u00e9 do Instituto Educare, uma entidade privada sem fins lucrativos que presta consultoria a empresas representativas do terceiro setor na \u00e1rea de cria\u00e7\u00e3o e execu\u00e7\u00e3o de projetos culturais e educacionais. \u201cO Cineco \u00e9 um projeto de divulga\u00e7\u00e3o do cinema e do resgate de ambientes p\u00fablicos de socializa\u00e7\u00e3o. Prop\u00f5e discuss\u00f5es de filmes e o contato entre espectador e produtor. Uma das suas caracter\u00edsticas mais marcantes \u00e9 a sua estrutura f\u00edsica de material reciclado, da\u00ed a designa\u00e7\u00e3o de cinema ecol\u00f3gico: o Cineco\u201d, diz K\u00e1tia Rocha, Presidente do Instituto Educare.<\/span><\/p>\n<p><a href=\"http:\/\/www.maisbn.com\/portal\/wp-content\/uploads\/2015\/09\/20150925040836.jpg\"><img loading=\"lazy\" decoding=\"async\" class=\"aligncenter size-full wp-image-8797\" src=\"http:\/\/www.maisbn.com\/portal\/wp-content\/uploads\/2015\/09\/20150925040836.jpg\" alt=\"20150925040836\" width=\"650\" height=\"412\" \/><\/a><\/p>\n<p><span style=\"color: #000000;\">A inaugura\u00e7\u00e3o do Programa CINECO em Belmonte contou com a presen\u00e7a da Prefeita Alice Britto, que estava acompanhada de alguns secret\u00e1rios municipais e dos vereadores Daco e Idinho. Representantes da empresa Pirelli tamb\u00e9m compareceram ao evento que contou com a presen\u00e7a maci\u00e7a da comunidade que conheceu o programa e ainda curtiu as apresenta\u00e7\u00f5es da Fanfarra BANTIB e dos Negros Africanos. \u201cEsse Projeto \u00e9 muito importante para Belmonte porque significa um poderoso instrumento de promo\u00e7\u00e3o de ensino e lazer para a comunidade. Eu agrade\u00e7o \u00e0 Pirelli que acreditou em nossa administra\u00e7\u00e3o e presenteou os belmontenses com esse importante espa\u00e7o cultural.\u201d &#8211; Comentou a Prefeita Alice Britto \u00e0 nossa reportagem.<\/span><\/p>\n","protected":false},"excerpt":{"rendered":"<p>Aconteceu na manh\u00e3 da \u00faltima quinta-feira (24\/09) uma grande festa de inaugura\u00e7\u00e3o em Belmonte. O evento aconteceu na sede do SCFV (Servi\u00e7o de Conviv\u00eancia e Fortalecimento de V\u00ednculos) e serviu para apresentar \u00e0 comunidade o Programa CINECO (Cinema Ecol\u00f3gico). Patrocinado pela empresa Pirelli em parceria com a Prefeitura Municipal de Belmonte, a sala de proje\u00e7\u00e3o [&hellip;]<\/p>\n","protected":false},"author":7,"featured_media":8794,"comment_status":"open","ping_status":"open","sticky":false,"template":"","format":"standard","meta":{"footnotes":""},"categories":[8,1],"tags":[108],"class_list":["post-8793","post","type-post","status-publish","format-standard","has-post-thumbnail","hentry","category-educacao","category-noticias","tag-belmonte"],"_links":{"self":[{"href":"https:\/\/www.maisbn.com\/portal\/wp-json\/wp\/v2\/posts\/8793","targetHints":{"allow":["GET"]}}],"collection":[{"href":"https:\/\/www.maisbn.com\/portal\/wp-json\/wp\/v2\/posts"}],"about":[{"href":"https:\/\/www.maisbn.com\/portal\/wp-json\/wp\/v2\/types\/post"}],"author":[{"embeddable":true,"href":"https:\/\/www.maisbn.com\/portal\/wp-json\/wp\/v2\/users\/7"}],"replies":[{"embeddable":true,"href":"https:\/\/www.maisbn.com\/portal\/wp-json\/wp\/v2\/comments?post=8793"}],"version-history":[{"count":3,"href":"https:\/\/www.maisbn.com\/portal\/wp-json\/wp\/v2\/posts\/8793\/revisions"}],"predecessor-version":[{"id":8801,"href":"https:\/\/www.maisbn.com\/portal\/wp-json\/wp\/v2\/posts\/8793\/revisions\/8801"}],"wp:featuredmedia":[{"embeddable":true,"href":"https:\/\/www.maisbn.com\/portal\/wp-json\/wp\/v2\/media\/8794"}],"wp:attachment":[{"href":"https:\/\/www.maisbn.com\/portal\/wp-json\/wp\/v2\/media?parent=8793"}],"wp:term":[{"taxonomy":"category","embeddable":true,"href":"https:\/\/www.maisbn.com\/portal\/wp-json\/wp\/v2\/categories?post=8793"},{"taxonomy":"post_tag","embeddable":true,"href":"https:\/\/www.maisbn.com\/portal\/wp-json\/wp\/v2\/tags?post=8793"}],"curies":[{"name":"wp","href":"https:\/\/api.w.org\/{rel}","templated":true}]}}