{"id":8790,"date":"2015-09-24T09:00:15","date_gmt":"2015-09-24T12:00:15","guid":{"rendered":"http:\/\/www.maisbn.com\/portal\/?p=8790"},"modified":"2015-09-24T09:00:15","modified_gmt":"2015-09-24T12:00:15","slug":"protestos-com-objetivo-politico-acabam-em-atos-de-vandalismo-em-santa-maria-eterna","status":"publish","type":"post","link":"https:\/\/www.maisbn.com\/portal\/2015\/09\/protestos-com-objetivo-politico-acabam-em-atos-de-vandalismo-em-santa-maria-eterna\/","title":{"rendered":"Protestos com objetivo pol\u00edtico acabam em atos de vandalismo em Santa Maria Eterna."},"content":{"rendered":"<p><a href=\"http:\/\/www.maisbn.com\/portal\/wp-content\/uploads\/2015\/09\/20150924043048.jpg\"><img loading=\"lazy\" decoding=\"async\" class=\"aligncenter size-full wp-image-8791\" src=\"http:\/\/www.maisbn.com\/portal\/wp-content\/uploads\/2015\/09\/20150924043048.jpg\" alt=\"20150924043048\" width=\"700\" height=\"525\" \/><\/a><\/p>\n<p><span style=\"color: #000000;\">Uma manifesta\u00e7\u00e3o acontecida nessa quarta-feira (23\/09) fechou mais uma vez a estrada em Santa Maria Eterna. O protesto, que n\u00e3o tinha nenhuma reivindica\u00e7\u00e3o aparente, foi feito por um grupo de vinte pessoas que estaria sendo comandado, segundo informa\u00e7\u00f5es, por uma mulher identificada pelo nome de Tiara.<\/span><\/p>\n<p><span style=\"color: #000000;\">Os manifestantes, acusados de v\u00e2ndalos, quebraram os para-brisas de 06 carretas que foram paradas no momento do protesto ocasionando, segundo os motoristas, quase R$ 50.000,00 de preju\u00edzo para a empresa dona das carretas. A Policia Militar esteve no local e conseguiu desobstruir a via e os manifestantes disseram que ir\u00e3o cometer o ato todos os dias, mas n\u00e3o apresentaram o motivo da indigna\u00e7\u00e3o.<\/span><\/p>\n<p><span style=\"color: #000000;\">Algumas pessoas entraram em contato com nossa reda\u00e7\u00e3o via telefone e informaram que essas pessoas s\u00e3o organizadas por um grupo pol\u00edtico de oposi\u00e7\u00e3o a atual gest\u00e3o. A motiva\u00e7\u00e3o da a\u00e7\u00e3o seria conseguir o enfraquecimento pol\u00edtico da Prefeita Alice Britto e promover o candidato apoiado por esse grupo.<\/span><\/p>\n<p>&nbsp;<\/p>\n","protected":false},"excerpt":{"rendered":"<p>Uma manifesta\u00e7\u00e3o acontecida nessa quarta-feira (23\/09) fechou mais uma vez a estrada em Santa Maria Eterna. O protesto, que n\u00e3o tinha nenhuma reivindica\u00e7\u00e3o aparente, foi feito por um grupo de vinte pessoas que estaria sendo comandado, segundo informa\u00e7\u00f5es, por uma mulher identificada pelo nome de Tiara. Os manifestantes, acusados de v\u00e2ndalos, quebraram os para-brisas de [&hellip;]<\/p>\n","protected":false},"author":7,"featured_media":8791,"comment_status":"open","ping_status":"open","sticky":false,"template":"","format":"standard","meta":{"footnotes":""},"categories":[1,16],"tags":[108],"class_list":["post-8790","post","type-post","status-publish","format-standard","has-post-thumbnail","hentry","category-noticias","category-policial","tag-belmonte"],"_links":{"self":[{"href":"https:\/\/www.maisbn.com\/portal\/wp-json\/wp\/v2\/posts\/8790","targetHints":{"allow":["GET"]}}],"collection":[{"href":"https:\/\/www.maisbn.com\/portal\/wp-json\/wp\/v2\/posts"}],"about":[{"href":"https:\/\/www.maisbn.com\/portal\/wp-json\/wp\/v2\/types\/post"}],"author":[{"embeddable":true,"href":"https:\/\/www.maisbn.com\/portal\/wp-json\/wp\/v2\/users\/7"}],"replies":[{"embeddable":true,"href":"https:\/\/www.maisbn.com\/portal\/wp-json\/wp\/v2\/comments?post=8790"}],"version-history":[{"count":1,"href":"https:\/\/www.maisbn.com\/portal\/wp-json\/wp\/v2\/posts\/8790\/revisions"}],"predecessor-version":[{"id":8792,"href":"https:\/\/www.maisbn.com\/portal\/wp-json\/wp\/v2\/posts\/8790\/revisions\/8792"}],"wp:featuredmedia":[{"embeddable":true,"href":"https:\/\/www.maisbn.com\/portal\/wp-json\/wp\/v2\/media\/8791"}],"wp:attachment":[{"href":"https:\/\/www.maisbn.com\/portal\/wp-json\/wp\/v2\/media?parent=8790"}],"wp:term":[{"taxonomy":"category","embeddable":true,"href":"https:\/\/www.maisbn.com\/portal\/wp-json\/wp\/v2\/categories?post=8790"},{"taxonomy":"post_tag","embeddable":true,"href":"https:\/\/www.maisbn.com\/portal\/wp-json\/wp\/v2\/tags?post=8790"}],"curies":[{"name":"wp","href":"https:\/\/api.w.org\/{rel}","templated":true}]}}