{"id":8749,"date":"2015-09-21T08:31:55","date_gmt":"2015-09-21T11:31:55","guid":{"rendered":"http:\/\/www.maisbn.com\/portal\/?p=8749"},"modified":"2015-09-21T08:31:55","modified_gmt":"2015-09-21T11:31:55","slug":"janio-natal-desmente-noticia-de-que-teria-sofrido-acao-de-busca-e-apreensao-do-ministerio-publico","status":"publish","type":"post","link":"https:\/\/www.maisbn.com\/portal\/2015\/09\/janio-natal-desmente-noticia-de-que-teria-sofrido-acao-de-busca-e-apreensao-do-ministerio-publico\/","title":{"rendered":"J\u00e2nio Natal desmente not\u00edcia de que teria sofrido a\u00e7\u00e3o de busca e apreens\u00e3o do Minist\u00e9rio P\u00fablico."},"content":{"rendered":"<p><a href=\"http:\/\/www.maisbn.com\/portal\/wp-content\/uploads\/2014\/07\/janionatalcomunicado.jpg\"><img loading=\"lazy\" decoding=\"async\" class=\"aligncenter size-full wp-image-5604\" src=\"http:\/\/www.maisbn.com\/portal\/wp-content\/uploads\/2014\/07\/janionatalcomunicado.jpg\" alt=\"janionatalcomunicado\" width=\"530\" height=\"454\" srcset=\"https:\/\/www.maisbn.com\/portal\/wp-content\/uploads\/2014\/07\/janionatalcomunicado.jpg 530w, https:\/\/www.maisbn.com\/portal\/wp-content\/uploads\/2014\/07\/janionatalcomunicado-408x350.jpg 408w\" sizes=\"auto, (max-width: 530px) 100vw, 530px\" \/><\/a><\/p>\n<p><span style=\"color: #000000;\">O deputado J\u00e2nio Natal divulgou uma nota neste domingo (20\/09) desmentindo uma mat\u00e9ria que saiu no site Bahia Noticias e que foi reproduzida por v\u00e1rios sites na regi\u00e3o que constava que o mesmo estaria estaria sujeito a uma busca e apreens\u00e3o, por conta de um processo em tramita\u00e7\u00e3o no Tribunal de Justi\u00e7a. O deputado entrou em contato com a nossa reda\u00e7\u00e3o e pediu que reproduz\u00edssemos a nota para tranquilizar os seus correligion\u00e1rios belmontenses e desfazer qualquer mal entendido sobre a mat\u00e9ria veiculada. Segue abaixo, na \u00edntegra, a nota enviada ao Bahia Noticias:<\/span><\/p>\n<p><em>o<\/em><br \/>\n<em>Bahia Not\u00edcias<\/em><br \/>\n<em>NESTA<\/em><\/p>\n<p><em>Prezados Senhores:<\/em><\/p>\n<p><em>Com rela\u00e7\u00e3o \u00e0 mat\u00e9ria hoje publicada nesse conceituado site, referente \u00e0 minha pessoa, venho informar que V.Sas. cometeram um erro grave, o qual necessita ser urgentemente corrigido, com o mesmo destaque, para restabelecimento da verdade. De forma nenhuma posso acreditar que a mat\u00e9ria tenha sido colocada como maldade politiqueira, e tenho certeza de que ocorreu um mero equ\u00edvoco.<\/em><\/p>\n<p><em>Lamento que um ve\u00edculo t\u00e3o respeitado e importante para toda a Bahia tenha feito, com tanto destaque, uma divulga\u00e7\u00e3o que n\u00e3o condiz com a realidade dos fatos, uma vez que n\u00e3o estou sujeito a qualquer procedimento de busca e apreens\u00e3o, como a mat\u00e9ria leva a pensar. Talvez, por descuido, tenham interpretado de forma equivocada o que diz o Di\u00e1rio Oficial do TJ.<\/em><\/p>\n<p><em>Na verdade, o processo ao qual V.Sas. se referem foi instaurado pelo MP e tinha como objeto a Prefeitura de Porto Seguro. Quando fui notificado sobre o citado processo, eu j\u00e1 n\u00e3o era prefeito e tentei, de todas as formas, que o ent\u00e3o prefeito Gilberto Abade fornecesse c\u00f3pias dos documentos necess\u00e1rios \u00e0 minha defesa e n\u00e3o obtive \u00eaxito. Diante da impossibilidade de conseguir essas c\u00f3pias na prefeitura e para que eu pudesse elaborar minha defesa, solicitei que a Justi\u00e7a exigisse da Prefeitura a entrega dos documentos necess\u00e1rios, para que eu n\u00e3o fosse julgado sem direito a defesa. Assim, na verdade, essa a\u00e7\u00e3o de busca e apreens\u00e3o refere-se \u00e0 Prefeitura de Porto Seguro e foi por mim solicitada \u00e0 Justi\u00e7a.<\/em><\/p>\n<p><em>Portanto, a busca e apreens\u00e3o de documentos \u00e0 qual o Di\u00e1rio Oficial do TJ se refere ser\u00e1 na prefeitura de Porto Seguro (caso n\u00e3o forne\u00e7am os documentos solicitados) e n\u00e3o na minha resid\u00eancia, no meu escrit\u00f3rio ou em qualquer outro endere\u00e7o ligado a mim como cidad\u00e3o, empres\u00e1rio ou deputado, como a sua mat\u00e9ria leva a acreditar.<\/em><\/p>\n<p><em>Se alguma d\u00favida ainda persistir a esse respeito, basta que se observe o texto publicado no Di\u00e1rio do Tribunal de Justi\u00e7a, que diz: \u201cEm aten\u00e7\u00e3o a cota ministerial de f. 331\/333, determino que se oficie, conforme requerido, a Prefeitura Municipal de Porto Seguro\/ BA, para que apresente, em 15 (quinze) dias, sob pena de busca e apreens\u00e3o, os documentos elencados na cota supracitada.\u201d. Est\u00e1 claro no texto acima que a apreens\u00e3o referida \u00e9 na prefeitura e n\u00e3o a mim.<\/em><\/p>\n<p><em>Portanto, repito, para que fique bem claro, caso esta apreens\u00e3o venha a se realizar, ser\u00e1 na Prefeitura de Porto Seguro.<\/em><\/p>\n<p><em>Diante do exposto, e acreditando no compromisso de V.Sas com a verdade e os seus leitores, solicito fazer, com o mesmo destaque, as necess\u00e1rias retifica\u00e7\u00f5es.<\/em><\/p>\n<p><em>Antecipadamente grato,<\/em><\/p>\n<p><em>J\u00e2nio Natal<\/em><\/p>\n","protected":false},"excerpt":{"rendered":"<p>O deputado J\u00e2nio Natal divulgou uma nota neste domingo (20\/09) desmentindo uma mat\u00e9ria que saiu no site Bahia Noticias e que foi reproduzida por v\u00e1rios sites na regi\u00e3o que constava que o mesmo estaria estaria sujeito a uma busca e apreens\u00e3o, por conta de um processo em tramita\u00e7\u00e3o no Tribunal de Justi\u00e7a. O deputado entrou [&hellip;]<\/p>\n","protected":false},"author":7,"featured_media":8072,"comment_status":"open","ping_status":"open","sticky":false,"template":"","format":"standard","meta":{"footnotes":""},"categories":[1,7],"tags":[108],"class_list":["post-8749","post","type-post","status-publish","format-standard","has-post-thumbnail","hentry","category-noticias","category-politica","tag-belmonte"],"_links":{"self":[{"href":"https:\/\/www.maisbn.com\/portal\/wp-json\/wp\/v2\/posts\/8749","targetHints":{"allow":["GET"]}}],"collection":[{"href":"https:\/\/www.maisbn.com\/portal\/wp-json\/wp\/v2\/posts"}],"about":[{"href":"https:\/\/www.maisbn.com\/portal\/wp-json\/wp\/v2\/types\/post"}],"author":[{"embeddable":true,"href":"https:\/\/www.maisbn.com\/portal\/wp-json\/wp\/v2\/users\/7"}],"replies":[{"embeddable":true,"href":"https:\/\/www.maisbn.com\/portal\/wp-json\/wp\/v2\/comments?post=8749"}],"version-history":[{"count":1,"href":"https:\/\/www.maisbn.com\/portal\/wp-json\/wp\/v2\/posts\/8749\/revisions"}],"predecessor-version":[{"id":8750,"href":"https:\/\/www.maisbn.com\/portal\/wp-json\/wp\/v2\/posts\/8749\/revisions\/8750"}],"wp:featuredmedia":[{"embeddable":true,"href":"https:\/\/www.maisbn.com\/portal\/wp-json\/wp\/v2\/media\/8072"}],"wp:attachment":[{"href":"https:\/\/www.maisbn.com\/portal\/wp-json\/wp\/v2\/media?parent=8749"}],"wp:term":[{"taxonomy":"category","embeddable":true,"href":"https:\/\/www.maisbn.com\/portal\/wp-json\/wp\/v2\/categories?post=8749"},{"taxonomy":"post_tag","embeddable":true,"href":"https:\/\/www.maisbn.com\/portal\/wp-json\/wp\/v2\/tags?post=8749"}],"curies":[{"name":"wp","href":"https:\/\/api.w.org\/{rel}","templated":true}]}}