{"id":8721,"date":"2015-09-16T22:22:29","date_gmt":"2015-09-17T01:22:29","guid":{"rendered":"http:\/\/www.maisbn.com\/portal\/?p=8721"},"modified":"2015-09-16T22:22:29","modified_gmt":"2015-09-17T01:22:29","slug":"belmonte-realiza-v-conferencia-municipal-de-assistencia-social","status":"publish","type":"post","link":"https:\/\/www.maisbn.com\/portal\/2015\/09\/belmonte-realiza-v-conferencia-municipal-de-assistencia-social\/","title":{"rendered":"Belmonte realiza V Confer\u00eancia Municipal de Assist\u00eancia Social."},"content":{"rendered":"<p><span style=\"color: #000000;\">A Prefeitura de Belmonte, por meio do Conselho Municipal de Assist\u00eancia Social (CMAS) em parceria com a Secretaria Municipal de Assist\u00eancia Social (Semas), realizou nesta quarta-feira (16), a V Confer\u00eancia Municipal de Assist\u00eancia Social que teve como tema central \u201cConsolidar o SUAS de vez rumo a 2026\u201d. O evento aconteceu na Colonia dos Pescadores das 7h \u00e0s 17 horas.<\/span><\/p>\n<p><a href=\"http:\/\/www.maisbn.com\/portal\/wp-content\/uploads\/2015\/09\/suas00003.jpg\"><img loading=\"lazy\" decoding=\"async\" class=\"aligncenter size-full wp-image-8722\" src=\"http:\/\/www.maisbn.com\/portal\/wp-content\/uploads\/2015\/09\/suas00003.jpg\" alt=\"suas00003\" width=\"618\" height=\"412\" \/><\/a><\/p>\n<p><span style=\"color: #000000;\">A composi\u00e7\u00e3o da mesa de autoridades contou com a presen\u00e7a do Sr. Edmundo Martins dos Santos(presidente do Conselho de Assist\u00eancia Social), Cristiane Santos, Secretaria de Administra\u00e7\u00e3o e representante da Prefeita Alice Britto, Albervan Nunes(Secretario de A\u00e7\u00e3o Social), Tenente Lago representando a Policia Militar.<\/span><\/p>\n<p><a href=\"http:\/\/www.maisbn.com\/portal\/wp-content\/uploads\/2015\/09\/suas00002.jpg\"><img loading=\"lazy\" decoding=\"async\" class=\"aligncenter size-full wp-image-8723\" src=\"http:\/\/www.maisbn.com\/portal\/wp-content\/uploads\/2015\/09\/suas00002.jpg\" alt=\"suas00002\" width=\"618\" height=\"412\" \/><\/a><\/p>\n<p><span style=\"color: #000000;\">A cerim\u00f4nia de abertura marcou a todos os presentes, com execu\u00e7\u00e3o do Hino Nacional Brasileiro e do Hino de Belmonte. A confer\u00eancia, de car\u00e1ter deliberativo, teve por objetivo avaliar a situa\u00e7\u00e3o do Sistema \u00danico de Assist\u00eancia Social (Suas) e propor novas diretrizes para o seu aperfei\u00e7oamento e qualifica\u00e7\u00e3o das ofertas de servi\u00e7os, programas e projetos. Com o tema: Consolidar o suas de vez rumo a 2026: \u201cO Suas que temos e o Suas que queremos\u201d , com o Palestrante Rodrigo Alves do Conselheiro Estadual de Assist\u00eancia Social.(CEAS)<\/span><\/p>\n<p><span style=\"color: #000000;\">O evento disp\u00f4s, para todos os presentes, de lanche, almo\u00e7o e foi privilegiado com a apresenta\u00e7\u00e3o cultural das crian\u00e7as que integram o Servi\u00e7o de Conviv\u00eancia e Fortalecimento de V\u00ednculos.<\/span><\/p>\n<p><em>Fotos e Infoma\u00e7\u00f5es: Jornal de Belmonte<\/em><\/p>\n<p>&nbsp;<\/p>\n","protected":false},"excerpt":{"rendered":"<p>A Prefeitura de Belmonte, por meio do Conselho Municipal de Assist\u00eancia Social (CMAS) em parceria com a Secretaria Municipal de Assist\u00eancia Social (Semas), realizou nesta quarta-feira (16), a V Confer\u00eancia Municipal de Assist\u00eancia Social que teve como tema central \u201cConsolidar o SUAS de vez rumo a 2026\u201d. O evento aconteceu na Colonia dos Pescadores das [&hellip;]<\/p>\n","protected":false},"author":7,"featured_media":8722,"comment_status":"open","ping_status":"open","sticky":false,"template":"","format":"standard","meta":{"footnotes":""},"categories":[45,1],"tags":[108],"class_list":["post-8721","post","type-post","status-publish","format-standard","has-post-thumbnail","hentry","category-cidades","category-noticias","tag-belmonte"],"_links":{"self":[{"href":"https:\/\/www.maisbn.com\/portal\/wp-json\/wp\/v2\/posts\/8721","targetHints":{"allow":["GET"]}}],"collection":[{"href":"https:\/\/www.maisbn.com\/portal\/wp-json\/wp\/v2\/posts"}],"about":[{"href":"https:\/\/www.maisbn.com\/portal\/wp-json\/wp\/v2\/types\/post"}],"author":[{"embeddable":true,"href":"https:\/\/www.maisbn.com\/portal\/wp-json\/wp\/v2\/users\/7"}],"replies":[{"embeddable":true,"href":"https:\/\/www.maisbn.com\/portal\/wp-json\/wp\/v2\/comments?post=8721"}],"version-history":[{"count":1,"href":"https:\/\/www.maisbn.com\/portal\/wp-json\/wp\/v2\/posts\/8721\/revisions"}],"predecessor-version":[{"id":8724,"href":"https:\/\/www.maisbn.com\/portal\/wp-json\/wp\/v2\/posts\/8721\/revisions\/8724"}],"wp:featuredmedia":[{"embeddable":true,"href":"https:\/\/www.maisbn.com\/portal\/wp-json\/wp\/v2\/media\/8722"}],"wp:attachment":[{"href":"https:\/\/www.maisbn.com\/portal\/wp-json\/wp\/v2\/media?parent=8721"}],"wp:term":[{"taxonomy":"category","embeddable":true,"href":"https:\/\/www.maisbn.com\/portal\/wp-json\/wp\/v2\/categories?post=8721"},{"taxonomy":"post_tag","embeddable":true,"href":"https:\/\/www.maisbn.com\/portal\/wp-json\/wp\/v2\/tags?post=8721"}],"curies":[{"name":"wp","href":"https:\/\/api.w.org\/{rel}","templated":true}]}}