{"id":8684,"date":"2015-09-12T15:02:26","date_gmt":"2015-09-12T18:02:26","guid":{"rendered":"http:\/\/www.maisbn.com\/portal\/?p=8684"},"modified":"2015-09-12T15:02:26","modified_gmt":"2015-09-12T18:02:26","slug":"belmonte-realizara-a-iv-conferencia-municipal-de-assistencia-social","status":"publish","type":"post","link":"https:\/\/www.maisbn.com\/portal\/2015\/09\/belmonte-realizara-a-iv-conferencia-municipal-de-assistencia-social\/","title":{"rendered":"Belmonte realizar\u00e1 a IV Confer\u00eancia Municipal de Assist\u00eancia Social."},"content":{"rendered":"<p><a href=\"http:\/\/www.maisbn.com\/portal\/wp-content\/uploads\/2015\/09\/1.jpg\"><img loading=\"lazy\" decoding=\"async\" class=\"aligncenter wp-image-8685 size-full\" src=\"http:\/\/www.maisbn.com\/portal\/wp-content\/uploads\/2015\/09\/1-e1442080770591.jpg\" alt=\"1\" width=\"700\" height=\"463\" \/><\/a><span style=\"color: #000000;\">Acontece nessa quarta-feira, 16 de Setembro, a IV Confer\u00eancia Municipal de Assist\u00eancia Social promovida pela Prefeitura Municipal de Belmonte, por meio da Secretaria Municipal de Assist\u00eancia Social, e pelo Conselho Municipal de Assist\u00eancia Social (CMAS). Este ano, a confer\u00eancia, que ter\u00e1 o tema \u201cConsolidar o SUAS de vez rumo a 2026\u201d e o lema \u201cPacto republicano no SUAS rumo a 2026\u201d, ser\u00e1 realizada na Col\u00f4nia dos Pescadores.<\/span><\/p>\n<p><span style=\"color: #000000;\">Os objetivos do encontro s\u00e3o analisar, propor e deliberar, com base na avalia\u00e7\u00e3o local, as diretrizes para a gest\u00e3o e o financiamento do Sistema \u00danico da Assist\u00eancia Social (SUAS), reconhecendo a corresponsabilidade de cada ente federado. A inscri\u00e7\u00e3o e o credenciamento dos participantes acontecer\u00e3o no dia de abertura da confer\u00eancia, 16 (quarta-feira), no per\u00edodo de 7h \u00e0s 8h. Contamos coma sua participa\u00e7\u00e3o pois \u00e9 de suma import\u00e2ncia para juntos construirmos um SUAS melhor.<\/span><\/p>\n<p><span style=\"color: #000000;\">Confira a programa\u00e7\u00e3o:<\/span><\/p>\n<p><span style=\"color: #000000;\">PROGRAMA\u00c7\u00c3O<\/span><\/p>\n<p><span style=\"color: #000000;\">7h \u00e0s 8h \u2013 Credenciamento e coffee break <\/span><br \/>\n<span style=\"color: #000000;\">8h00 \u2013 Solenidade de abertura <\/span><br \/>\n<span style=\"color: #000000;\">8h15 \u2013 Composi\u00e7\u00e3o da Mesa de Abertura<\/span><br \/>\n<span style=\"color: #000000;\">8h30 &#8211; Hino Nacional e Hino de Belmonte<\/span><br \/>\n<span style=\"color: #000000;\">8h40 -Pronunciamento das Autoridades<\/span><br \/>\n<span style=\"color: #000000;\">9h10 &#8211; Painel com A\u00e7\u00f5es da Secretaria<\/span><br \/>\n<span style=\"color: #000000;\">9h25 &#8211; Regimento Interno &#8211; leitura e aprova\u00e7\u00e3o <\/span><br \/>\n<span style=\"color: #000000;\">9h45 \u2013 Palestra Magna<\/span><br \/>\n<span style=\"color: #000000;\">Tema: Consolidar o suas de vez rumo a 2026: <\/span><br \/>\n<span style=\"color: #000000;\">\u201cO Suas que temos e o Suas que queremos\u201d<\/span><br \/>\n<span style=\"color: #000000;\">Palestrante \u2013 Rodrigo Alves \u2013 Conselheiro <\/span><br \/>\n<span style=\"color: #000000;\">Estadual de Assist\u00eancia Social.(CEAS)<\/span><br \/>\n<span style=\"color: #000000;\">11h \u2013 Abertura para plen\u00e1ria, perguntas e respostas;<\/span><br \/>\n<span style=\"color: #000000;\">12h \u2013 Intervalo para o Almo\u00e7o<\/span><br \/>\n<span style=\"color: #000000;\">13h30 \u2013 Momento Cultural<\/span><br \/>\n<span style=\"color: #000000;\">14h00 \u2013 Grupos de Trabalho<\/span><br \/>\n<span style=\"color: #000000;\">15h30- Apresenta\u00e7\u00e3o e elei\u00e7\u00e3o das propostas<\/span><br \/>\n<span style=\"color: #000000;\">16h30- Elei\u00e7\u00e3o dos delegados<\/span><br \/>\n<span style=\"color: #000000;\">17h \u2013 Coquetel de encerramento<\/span><\/p>\n","protected":false},"excerpt":{"rendered":"<p>Acontece nessa quarta-feira, 16 de Setembro, a IV Confer\u00eancia Municipal de Assist\u00eancia Social promovida pela Prefeitura Municipal de Belmonte, por meio da Secretaria Municipal de Assist\u00eancia Social, e pelo Conselho Municipal de Assist\u00eancia Social (CMAS). Este ano, a confer\u00eancia, que ter\u00e1 o tema \u201cConsolidar o SUAS de vez rumo a 2026\u201d e o lema \u201cPacto [&hellip;]<\/p>\n","protected":false},"author":7,"featured_media":8685,"comment_status":"open","ping_status":"open","sticky":false,"template":"","format":"standard","meta":{"footnotes":""},"categories":[45,1],"tags":[108],"class_list":["post-8684","post","type-post","status-publish","format-standard","has-post-thumbnail","hentry","category-cidades","category-noticias","tag-belmonte"],"_links":{"self":[{"href":"https:\/\/www.maisbn.com\/portal\/wp-json\/wp\/v2\/posts\/8684","targetHints":{"allow":["GET"]}}],"collection":[{"href":"https:\/\/www.maisbn.com\/portal\/wp-json\/wp\/v2\/posts"}],"about":[{"href":"https:\/\/www.maisbn.com\/portal\/wp-json\/wp\/v2\/types\/post"}],"author":[{"embeddable":true,"href":"https:\/\/www.maisbn.com\/portal\/wp-json\/wp\/v2\/users\/7"}],"replies":[{"embeddable":true,"href":"https:\/\/www.maisbn.com\/portal\/wp-json\/wp\/v2\/comments?post=8684"}],"version-history":[{"count":1,"href":"https:\/\/www.maisbn.com\/portal\/wp-json\/wp\/v2\/posts\/8684\/revisions"}],"predecessor-version":[{"id":8686,"href":"https:\/\/www.maisbn.com\/portal\/wp-json\/wp\/v2\/posts\/8684\/revisions\/8686"}],"wp:featuredmedia":[{"embeddable":true,"href":"https:\/\/www.maisbn.com\/portal\/wp-json\/wp\/v2\/media\/8685"}],"wp:attachment":[{"href":"https:\/\/www.maisbn.com\/portal\/wp-json\/wp\/v2\/media?parent=8684"}],"wp:term":[{"taxonomy":"category","embeddable":true,"href":"https:\/\/www.maisbn.com\/portal\/wp-json\/wp\/v2\/categories?post=8684"},{"taxonomy":"post_tag","embeddable":true,"href":"https:\/\/www.maisbn.com\/portal\/wp-json\/wp\/v2\/tags?post=8684"}],"curies":[{"name":"wp","href":"https:\/\/api.w.org\/{rel}","templated":true}]}}