{"id":8611,"date":"2015-09-04T20:20:21","date_gmt":"2015-09-04T23:20:21","guid":{"rendered":"http:\/\/www.maisbn.com\/portal\/?p=8611"},"modified":"2015-09-04T20:20:21","modified_gmt":"2015-09-04T23:20:21","slug":"crise-faz-prefeitura-demitir-funcionarios","status":"publish","type":"post","link":"https:\/\/www.maisbn.com\/portal\/2015\/09\/crise-faz-prefeitura-demitir-funcionarios\/","title":{"rendered":"Crise faz Prefeitura demitir funcion\u00e1rios"},"content":{"rendered":"<p><a href=\"http:\/\/www.maisbn.com\/portal\/wp-content\/uploads\/2015\/07\/prefeitura_de_belmonteatual.jpg\"><img loading=\"lazy\" decoding=\"async\" class=\"aligncenter size-full wp-image-8118\" src=\"http:\/\/www.maisbn.com\/portal\/wp-content\/uploads\/2015\/07\/prefeitura_de_belmonteatual.jpg\" alt=\"prefeitura_de_belmonteatual\" width=\"552\" height=\"310\" \/><\/a><\/p>\n<p><span style=\"color: #000000;\">A prefeitura de Belmonte demitiu\u00a0funcion\u00e1rios\u00a0essa semana e o clima \u00a0na cidade ficou um pouco tenso \u00a0.Mais do que uma medida para conter gastos, os cortes no quadro de\u00a0pessoal passaram a ser a \u00fanica sa\u00edda, por conta do impacto financeiro na folha que, em fun\u00e7\u00e3o dos pisos salariais que subiram, al\u00e9m da queda na arrecada\u00e7\u00e3o que \u00a0impede de manter o que determina a legisla\u00e7\u00e3o no cumprimento da Lei de Responsabilidade Fiscal (LRF)\u201d.\u00a0Os ajustes s\u00e3o necess\u00e1rios para que a Prefeitura continue funcionando.<\/span><\/p>\n<p><span style=\"color: #000000;\">A crise afeta todo o pa\u00eds e Belmonte\u00a0n\u00e3o \u00e9 diferente. \u00a0Os cortes j\u00e1 s\u00e3o uma realidade em todas as cidades. A situa\u00e7\u00e3o \u00e9 cr\u00edtica.\u00a0A\u00a0Prefeitura \u00e9 o maior empregador da cidade esses cortes v\u00e3o influenciar e muito na economia.<\/span><\/p>\n<p><span style=\"color: #000000;\">A Confedera\u00e7\u00e3o Nacional dos Munic\u00edpios atesta que o or\u00e7amento de muitas cidades j\u00e1 n\u00e3o comporta mais os sal\u00e1rios de servidores contratados, considerando a queda na arrecada\u00e7\u00e3o, que leva a uma situa\u00e7\u00e3o de enquadramento dos gastos \u00e0 realidade atual, de forma que, caso n\u00e3o se proceda a cortes, o Munic\u00edpio se tornar\u00e1 inadimplente com diversas obriga\u00e7\u00f5es. Neste momento, a prefeitura\u00a0n\u00e3o tem outra sa\u00edda diferente da que adotar\u00e1 sob pena de haver, em se mantendo os n\u00edveis de gasto com pessoal, atrasos no pagamento e at\u00e9 mesmo a falta de recurso para essa finalidade. Al\u00e9m da redu\u00e7\u00e3o de servidores, outras a\u00e7\u00f5es de corte de gastos dever\u00e3o\u00a0ser levadas em conta, tais como gratifica\u00e7\u00f5es, horas extras, economia no uso da energia e telefone.\u00a0No entanto, neste momento, a Prefeitura precisa ser coerente diante de uma situa\u00e7\u00e3o cr\u00edtica, que poder\u00e1 ser contornada num futuro pr\u00f3ximo, mas que neste momento exige medidas duras.<\/span><\/p>\n<p>Informa\u00e7\u00f5es: <em>Portal do Guaiamun<\/em><\/p>\n","protected":false},"excerpt":{"rendered":"<p>A prefeitura de Belmonte demitiu\u00a0funcion\u00e1rios\u00a0essa semana e o clima \u00a0na cidade ficou um pouco tenso \u00a0.Mais do que uma medida para conter gastos, os cortes no quadro de\u00a0pessoal passaram a ser a \u00fanica sa\u00edda, por conta do impacto financeiro na folha que, em fun\u00e7\u00e3o dos pisos salariais que subiram, al\u00e9m da queda na arrecada\u00e7\u00e3o que [&hellip;]<\/p>\n","protected":false},"author":7,"featured_media":8118,"comment_status":"open","ping_status":"open","sticky":false,"template":"","format":"standard","meta":{"footnotes":""},"categories":[45,1],"tags":[108],"class_list":["post-8611","post","type-post","status-publish","format-standard","has-post-thumbnail","hentry","category-cidades","category-noticias","tag-belmonte"],"_links":{"self":[{"href":"https:\/\/www.maisbn.com\/portal\/wp-json\/wp\/v2\/posts\/8611","targetHints":{"allow":["GET"]}}],"collection":[{"href":"https:\/\/www.maisbn.com\/portal\/wp-json\/wp\/v2\/posts"}],"about":[{"href":"https:\/\/www.maisbn.com\/portal\/wp-json\/wp\/v2\/types\/post"}],"author":[{"embeddable":true,"href":"https:\/\/www.maisbn.com\/portal\/wp-json\/wp\/v2\/users\/7"}],"replies":[{"embeddable":true,"href":"https:\/\/www.maisbn.com\/portal\/wp-json\/wp\/v2\/comments?post=8611"}],"version-history":[{"count":1,"href":"https:\/\/www.maisbn.com\/portal\/wp-json\/wp\/v2\/posts\/8611\/revisions"}],"predecessor-version":[{"id":8612,"href":"https:\/\/www.maisbn.com\/portal\/wp-json\/wp\/v2\/posts\/8611\/revisions\/8612"}],"wp:featuredmedia":[{"embeddable":true,"href":"https:\/\/www.maisbn.com\/portal\/wp-json\/wp\/v2\/media\/8118"}],"wp:attachment":[{"href":"https:\/\/www.maisbn.com\/portal\/wp-json\/wp\/v2\/media?parent=8611"}],"wp:term":[{"taxonomy":"category","embeddable":true,"href":"https:\/\/www.maisbn.com\/portal\/wp-json\/wp\/v2\/categories?post=8611"},{"taxonomy":"post_tag","embeddable":true,"href":"https:\/\/www.maisbn.com\/portal\/wp-json\/wp\/v2\/tags?post=8611"}],"curies":[{"name":"wp","href":"https:\/\/api.w.org\/{rel}","templated":true}]}}