{"id":8606,"date":"2015-09-04T20:02:05","date_gmt":"2015-09-04T23:02:05","guid":{"rendered":"http:\/\/www.maisbn.com\/portal\/?p=8606"},"modified":"2015-09-04T20:36:46","modified_gmt":"2015-09-04T23:36:46","slug":"secretario-de-educacao-recebe-alunos-em-protesto-e-esclarece-situacao-da-merenda","status":"publish","type":"post","link":"https:\/\/www.maisbn.com\/portal\/2015\/09\/secretario-de-educacao-recebe-alunos-em-protesto-e-esclarece-situacao-da-merenda\/","title":{"rendered":"Secret\u00e1rio de Educa\u00e7\u00e3o recebe alunos em protesto e esclarece situa\u00e7\u00e3o da merenda."},"content":{"rendered":"<p><span style=\"color: #000000;\">Um protesto dos alunos da Funda\u00e7\u00e3o Educacional Pedro Calmon, \u00a0paralisou o centro da cidade na manh\u00e3 desta sexta-feira (04). Por volta das 11hs, os alunos fecharam a Av. Marechal Deodoro da Fonseca, uma das principais , reivindicando a melhora na merenda escolar. De acordo com alguns estudantes, a merenda escolar n\u00e3o foi servida porque as merendeiras estavam em greve.<\/span><\/p>\n<p><a href=\"http:\/\/www.maisbn.com\/portal\/wp-content\/uploads\/2015\/09\/paralizacao_alunos02.jpg\"><img loading=\"lazy\" decoding=\"async\" class=\"aligncenter size-full wp-image-8607\" src=\"http:\/\/www.maisbn.com\/portal\/wp-content\/uploads\/2015\/09\/paralizacao_alunos02.jpg\" alt=\"paralizacao_alunos02\" width=\"700\" height=\"394\" \/><\/a><\/p>\n<p><span style=\"color: #000000;\">Segundo os alunos, a merenda\u00a0se resume a apenas sopa rala ou achocolatado com biscoito. \u00a0O aluno Rafael \u00a0contou que al\u00e9m da falta de uma boa merenda como Feij\u00e3o e verduras, os lanches s\u00e3o sempre os mesmos. \u201cA gente s\u00f3 come\u00a0sopa ou achocolatado com biscoito. O lanche \u00e9 o mesmo todos os dias. J\u00e1 sei de alunos aqui que est\u00e3o an\u00eamicos pela falta do feij\u00e3o\u201d, diz o aluno.\u00a0Nos gritos de protestos, os estudantes pediam aten\u00e7\u00e3o do\u00a0secret\u00e1rio\u00a0para com a alimenta\u00e7\u00e3o na escola e diziam estar an\u00eamicos. \u201cJ\u00e1 existe registro aqui de alunos que est\u00e3o an\u00eamicos pela falta de uma merenda decente. N\u00e3o adiantam dizer que \u00e9 mentira porque a gente pode provar. Al\u00e9m disso, a alimenta\u00e7\u00e3o da escola \u00e9 importante porque a gente fica aqui o dia inteiro e tem pessoas que n\u00e3o tem condi\u00e7\u00e3o de comprar lanche e almo\u00e7ar fora\u201d, reclamou uma das alunas.<\/span><\/p>\n<p><a href=\"http:\/\/www.maisbn.com\/portal\/wp-content\/uploads\/2015\/09\/manifestacao_alunos02.jpg\"><img loading=\"lazy\" decoding=\"async\" class=\"size-full wp-image-8608 aligncenter\" src=\"http:\/\/www.maisbn.com\/portal\/wp-content\/uploads\/2015\/09\/manifestacao_alunos02.jpg\" alt=\"manifestacao_alunos02\" width=\"600\" height=\"665\" \/><\/a><\/p>\n<p><span style=\"color: #000000;\">Durante a manifesta\u00e7\u00e3o o Sr. Claudio, Secret\u00e1rio de Educa\u00e7\u00e3o, juntamente com os funcion\u00e1rios do Setor da Merenda, Presta\u00e7\u00e3o de Contas e a dire\u00e7\u00e3o da Funda\u00e7\u00e3o Educacional Pedro Calmon chamou os alunos para ouvir as reivindica\u00e7\u00f5es. Durante a conversa, os alunos relataram que n\u00e3o receberam merenda somente nesta sexta-feira (04\/09) e n\u00e3o h\u00e1 v\u00e1rios dias como est\u00e1 o coment\u00e1rio na cidade. O Secret\u00e1rio ent\u00e3o esclareceu que a falta da merenda foi ocasionada por causa da falta das merendeiras para preparar os alimentos, j\u00e1 que, as mesmas aderiram \u00e0 paralisa\u00e7\u00e3o de funcion\u00e1rios que est\u00e1 acontecendo na cidade. Claudio ainda classificou a paralisa\u00e7\u00e3o como indevida, j\u00e1 que, o of\u00edcio enviado pela APLB preconizava o prazo de 72 horas para inicio da paralisa\u00e7\u00e3o o que aconteceria apenas a partir das 11:20 Hrs dessa manh\u00e3.<\/span><\/p>\n<p><span style=\"color: #000000;\">Os alunos ainda tiveram acesso ao estoque\u00a0 de alimenta\u00e7\u00e3o escolar, conferiram a rela\u00e7\u00e3o de alimentos enviados \u00e0 unidade de ensino em quest\u00e3o e ainda foi explicado aos mesmos como funciona os repasses financeiros por aluno feito pelo Governo Federal e a complementa\u00e7\u00e3o que acontece por meios de verbas do munic\u00edpio.<\/span><\/p>\n<p><a href=\"http:\/\/www.maisbn.com\/portal\/wp-content\/uploads\/2015\/09\/manifestacao_alunos01.jpg\"><img loading=\"lazy\" decoding=\"async\" class=\"wp-image-8609 size-full aligncenter\" src=\"http:\/\/www.maisbn.com\/portal\/wp-content\/uploads\/2015\/09\/manifestacao_alunos01.jpg\" alt=\"manifestacao_alunos01\" width=\"600\" height=\"338\" \/><\/a><\/p>\n<p><span style=\"color: #000000;\">Nossa equipe agora pela tarde entrou em contato com a Prefeita Alice Britto e pediu informa\u00e7\u00f5es sobre a paralisa\u00e7\u00e3o das merendeiras. Alice nos informou que o munic\u00edpio tem at\u00e9 o quinto dia \u00fatil para fazer o pagamento dos funcion\u00e1rios. Segundo a prefeita, o que est\u00e1 acontecendo \u00e9 que as pessoas n\u00e3o est\u00e3o entendendo que, devido \u00e0 crise e os prazos que as verbas est\u00e3o chegando, n\u00e3o tem como se pagar antes como querem os funcion\u00e1rios. &#8220;Eu estou conversando com todos os setores para explicar a situa\u00e7\u00e3o. Devido \u00e0 crise a Prefeitura n\u00e3o est\u00e1 tendo recursos de sobra. Eu queria muito pagar adiantado, mas n\u00e3o estou conseguindo porque Belmonte depende exclusivamente dos repasses que est\u00e3o chegando reduzidos. Ressalto tamb\u00e9m que Belmonte n\u00e3o est\u00e1 na ilegalidade pagando no quinto dia \u00fatil.&#8221; &#8211; Comentou a Prefeita.<\/span><\/p>\n<p><span style=\"color: #000000;\">A diretora da Funda\u00e7\u00e3o Educacional Pedro Calmon, Andreia Silva Borges, publicou uma nota em sua p\u00e1gina em uma rede social negando que o col\u00e9gio est\u00e1 sem merenda. Ela confirmou que o preparo dos alimentos foi prejudicado por causa da paralisa\u00e7\u00e3o, mas negou que a escola est\u00e1 faltando merenda. &#8220;Seria leviano de minha parte n\u00e3o compreender o exe<span class=\"text_exposed_show\">rc\u00edcio de cidadania dos alunos mas n\u00e3o posso ser irrespons\u00e1vel em afirmar que h\u00e1 car\u00eancia ou falta de merenda escolar na Funda\u00e7\u00e3o. Lamentamos que pessoas desinformadas destilem &#8220;seu veneno &#8221; tentando transformar mentiras em verdades maldosas.&#8221; &#8211; Comentou a diretora.<\/span><\/span><\/p>\n<p>&nbsp;<\/p>\n<p>&nbsp;<\/p>\n","protected":false},"excerpt":{"rendered":"<p>Um protesto dos alunos da Funda\u00e7\u00e3o Educacional Pedro Calmon, \u00a0paralisou o centro da cidade na manh\u00e3 desta sexta-feira (04). Por volta das 11hs, os alunos fecharam a Av. Marechal Deodoro da Fonseca, uma das principais , reivindicando a melhora na merenda escolar. De acordo com alguns estudantes, a merenda escolar n\u00e3o foi servida porque as [&hellip;]<\/p>\n","protected":false},"author":7,"featured_media":8609,"comment_status":"open","ping_status":"open","sticky":false,"template":"","format":"standard","meta":{"footnotes":""},"categories":[8,1],"tags":[108],"class_list":["post-8606","post","type-post","status-publish","format-standard","has-post-thumbnail","hentry","category-educacao","category-noticias","tag-belmonte"],"_links":{"self":[{"href":"https:\/\/www.maisbn.com\/portal\/wp-json\/wp\/v2\/posts\/8606","targetHints":{"allow":["GET"]}}],"collection":[{"href":"https:\/\/www.maisbn.com\/portal\/wp-json\/wp\/v2\/posts"}],"about":[{"href":"https:\/\/www.maisbn.com\/portal\/wp-json\/wp\/v2\/types\/post"}],"author":[{"embeddable":true,"href":"https:\/\/www.maisbn.com\/portal\/wp-json\/wp\/v2\/users\/7"}],"replies":[{"embeddable":true,"href":"https:\/\/www.maisbn.com\/portal\/wp-json\/wp\/v2\/comments?post=8606"}],"version-history":[{"count":7,"href":"https:\/\/www.maisbn.com\/portal\/wp-json\/wp\/v2\/posts\/8606\/revisions"}],"predecessor-version":[{"id":8618,"href":"https:\/\/www.maisbn.com\/portal\/wp-json\/wp\/v2\/posts\/8606\/revisions\/8618"}],"wp:featuredmedia":[{"embeddable":true,"href":"https:\/\/www.maisbn.com\/portal\/wp-json\/wp\/v2\/media\/8609"}],"wp:attachment":[{"href":"https:\/\/www.maisbn.com\/portal\/wp-json\/wp\/v2\/media?parent=8606"}],"wp:term":[{"taxonomy":"category","embeddable":true,"href":"https:\/\/www.maisbn.com\/portal\/wp-json\/wp\/v2\/categories?post=8606"},{"taxonomy":"post_tag","embeddable":true,"href":"https:\/\/www.maisbn.com\/portal\/wp-json\/wp\/v2\/tags?post=8606"}],"curies":[{"name":"wp","href":"https:\/\/api.w.org\/{rel}","templated":true}]}}