{"id":8569,"date":"2015-08-30T18:07:11","date_gmt":"2015-08-30T21:07:11","guid":{"rendered":"http:\/\/www.maisbn.com\/portal\/?p=8569"},"modified":"2015-08-30T18:14:40","modified_gmt":"2015-08-30T21:14:40","slug":"liderancas-do-partido-democratas-declaram-apoio-a-reeleicao-da-prefeita-alice-britto","status":"publish","type":"post","link":"https:\/\/www.maisbn.com\/portal\/2015\/08\/liderancas-do-partido-democratas-declaram-apoio-a-reeleicao-da-prefeita-alice-britto\/","title":{"rendered":"Lideran\u00e7as do Partido Democratas declaram apoio \u00e0 reelei\u00e7\u00e3o da Prefeita Alice Britto."},"content":{"rendered":"<p><span style=\"color: #000000;\">Reuniram-se neste domingo (30\/08) na Sede do Esporte Clube Bahia, no bairro da Biela em Belmonte, os membros do diret\u00f3rio do partido DEM \u2013 Democratas. O encontro teve como objetivo principal a elei\u00e7\u00e3o da diretoria executiva local. Durante o evento que durou de 9 da manh\u00e3 at\u00e9 as 15:30 da tarde estiveram presentes a Prefeita Alice Maria de Brito, o Vereador Edalvo Matos al\u00e9m de representantes de Barrol\u00e2ndia, Boca do C\u00f3rrego, Santa Maria e dos bairros da sede do munic\u00edpio como Bom Jardim, Ponta de Areia e Biela.<\/span><\/p>\n<p><a href=\"http:\/\/www.maisbn.com\/portal\/wp-content\/uploads\/2015\/08\/DEM_0009.jpg\"><img loading=\"lazy\" decoding=\"async\" class=\"aligncenter size-full wp-image-8570\" src=\"http:\/\/www.maisbn.com\/portal\/wp-content\/uploads\/2015\/08\/DEM_0009.jpg\" alt=\"DEM_0009\" width=\"650\" height=\"412\" \/><\/a><\/p>\n<p><span style=\"color: #000000;\">O vereador Carlos Oliveira de Aguiar mais conhecido como Lilico foi eleito Presidente do DEM de Belmonte, juntamente com o vice Ramon Santana Neves, Secret\u00e1rio Nilson Concei\u00e7\u00e3o Santos, Tesoureiro Rosan Dias de Aguiar e membro Leilane Reis Pinheiro Silva.<\/span><\/p>\n<p><span style=\"color: #000000;\">A prefeita de Belmonte Alice Brito fez um breve discurso durante o evento e falou da situa\u00e7\u00e3o que o munic\u00edpio est\u00e1 atravessando com o corte de verbas, reflexo da crise que o Brasil est\u00e1 enfrentando e reafirmou seu compromisso com Belmonte e que est\u00e1 se empenhando ao m\u00e1ximo para que o povo n\u00e3o sinta tanto os efeitos desses tempos dif\u00edceis e para provar que a luta continua,\u00a0 a Prefeita Alice informou a todos que foi adquirido recentemente pelo munic\u00edpio e estar\u00e1 sendo entregue nesta segunda feira, os dois aparelhos que o hospital necessitava para voltar a realizar cirurgias, al\u00e9m de outras a\u00e7\u00f5es e obras aparentemente m\u00ednimas que muitas vezes passam despercebidas pela popula\u00e7\u00e3o, mas que surtem grande efeito para melhorar a qualidade de vida das pessoas.<\/span><\/p>\n<p><a href=\"http:\/\/www.maisbn.com\/portal\/wp-content\/uploads\/2015\/08\/DEM_0017.jpg\"><img loading=\"lazy\" decoding=\"async\" class=\"aligncenter size-full wp-image-8578\" src=\"http:\/\/www.maisbn.com\/portal\/wp-content\/uploads\/2015\/08\/DEM_0017.jpg\" alt=\"DEM_0017\" width=\"650\" height=\"412\" \/><\/a><\/p>\n<p><span style=\"color: #000000;\">Dudu, um dos representantes de Barrol\u00e2ndia que teve mais de 400 votos na \u00faltima elei\u00e7\u00e3o, declarou seu apoio ao governo de Alice e confirmou que estar\u00e1 com ela na campanha para as pr\u00f3ximas elei\u00e7\u00f5es, por acreditar nela, em seu car\u00e1ter e em seu compromisso com o povo belmontense.<\/span><\/p>\n<p><a href=\"http:\/\/www.maisbn.com\/portal\/wp-content\/uploads\/2015\/08\/DEM_0012.jpg\"><img loading=\"lazy\" decoding=\"async\" class=\"aligncenter size-full wp-image-8572\" src=\"http:\/\/www.maisbn.com\/portal\/wp-content\/uploads\/2015\/08\/DEM_0012.jpg\" alt=\"DEM_0012\" width=\"650\" height=\"412\" \/><\/a><\/p>\n<p><span style=\"color: #000000;\">Outro que fez uso da palavra foi o Empres\u00e1rio Nilson Concei\u00e7\u00e3o Santos, mais conhecido como Tatu, eleito Secret\u00e1rio do DEM, que parabenizou a Prefeita Alice pela transpar\u00eancia em sua administra\u00e7\u00e3o e confirmou seu apoio \u00e0 reelei\u00e7\u00e3o dela por conhecer e acreditar em seu trabalho e no amor que ela tem por Belmonte e pelas pessoas que aqui residem.<\/span><\/p>\n<p><span style=\"color: #000000;\">Finalizando o evento o Vereador Carlos Oliveira de Aguiar, mais conhecido como Lilico, agradeceu a todos que participaram da conven\u00e7\u00e3o do DEM, fortalecendo o diret\u00f3rio municipal do partido.<\/span><\/p>\n<p>&nbsp;<\/p>\n<p>&nbsp;<\/p>\n","protected":false},"excerpt":{"rendered":"<p>Reuniram-se neste domingo (30\/08) na Sede do Esporte Clube Bahia, no bairro da Biela em Belmonte, os membros do diret\u00f3rio do partido DEM \u2013 Democratas. O encontro teve como objetivo principal a elei\u00e7\u00e3o da diretoria executiva local. Durante o evento que durou de 9 da manh\u00e3 at\u00e9 as 15:30 da tarde estiveram presentes a Prefeita [&hellip;]<\/p>\n","protected":false},"author":1,"featured_media":8572,"comment_status":"open","ping_status":"open","sticky":false,"template":"","format":"standard","meta":{"footnotes":""},"categories":[1,7],"tags":[108],"class_list":["post-8569","post","type-post","status-publish","format-standard","has-post-thumbnail","hentry","category-noticias","category-politica","tag-belmonte"],"_links":{"self":[{"href":"https:\/\/www.maisbn.com\/portal\/wp-json\/wp\/v2\/posts\/8569","targetHints":{"allow":["GET"]}}],"collection":[{"href":"https:\/\/www.maisbn.com\/portal\/wp-json\/wp\/v2\/posts"}],"about":[{"href":"https:\/\/www.maisbn.com\/portal\/wp-json\/wp\/v2\/types\/post"}],"author":[{"embeddable":true,"href":"https:\/\/www.maisbn.com\/portal\/wp-json\/wp\/v2\/users\/1"}],"replies":[{"embeddable":true,"href":"https:\/\/www.maisbn.com\/portal\/wp-json\/wp\/v2\/comments?post=8569"}],"version-history":[{"count":6,"href":"https:\/\/www.maisbn.com\/portal\/wp-json\/wp\/v2\/posts\/8569\/revisions"}],"predecessor-version":[{"id":8579,"href":"https:\/\/www.maisbn.com\/portal\/wp-json\/wp\/v2\/posts\/8569\/revisions\/8579"}],"wp:featuredmedia":[{"embeddable":true,"href":"https:\/\/www.maisbn.com\/portal\/wp-json\/wp\/v2\/media\/8572"}],"wp:attachment":[{"href":"https:\/\/www.maisbn.com\/portal\/wp-json\/wp\/v2\/media?parent=8569"}],"wp:term":[{"taxonomy":"category","embeddable":true,"href":"https:\/\/www.maisbn.com\/portal\/wp-json\/wp\/v2\/categories?post=8569"},{"taxonomy":"post_tag","embeddable":true,"href":"https:\/\/www.maisbn.com\/portal\/wp-json\/wp\/v2\/tags?post=8569"}],"curies":[{"name":"wp","href":"https:\/\/api.w.org\/{rel}","templated":true}]}}